{"id":283780,"date":"2023-01-21T21:10:50","date_gmt":"2023-01-21T19:10:50","guid":{"rendered":"http:\/\/107.6.182.27\/es\/?p=283780"},"modified":"2023-01-21T21:10:50","modified_gmt":"2023-01-21T19:10:50","slug":"el-minuto-a-minuto-de-la-operacion-militar-rusa-en-ucrania-6","status":"publish","type":"post","link":"https:\/\/archive.sana.sy\/es\/?p=283780","title":{"rendered":"El minuto a minuto de la operaci\u00f3n militar rusa en Ucrania"},"content":{"rendered":"<p style=\"text-align: justify;\"><strong><span style=\"color: #800000;\">Mosc\u00fa, 21 ene (SANA) <\/span><\/strong><\/p>\n<p style=\"text-align: justify;\"><strong>\u2b55\ufe0f <a href=\"https:\/\/sanasyria.org\/es\/?p=283748\">Las fuerzas rusas liberan nueva localidad en Donetsk y toman el control de nuevas posiciones en Zaporozhie<\/a><\/strong><\/p>\n<p style=\"text-align: justify;\"><strong>\u2b55\ufe0f <a href=\"https:\/\/sanasyria.org\/es\/?p=283745\">Medvedev: La guerra contra los nazis en Ucrania y Europa es una nueva guerra patria<\/a><\/strong><\/p>\n<p style=\"text-align: justify;\"><strong>\u2b55\ufe0f <a href=\"https:\/\/www.sana.sy\/es\/?p=283723\">Las fuerzas rusas rompen la primera l\u00ednea de defensa del ej\u00e9rcito ucraniano en Zaporozhie<\/a><\/strong><\/p>\n<p style=\"text-align: justify;\"><strong>\u2b55\ufe0f <a href=\"https:\/\/www.sana.sy\/es\/?p=283720\">Manifestaci\u00f3n masiva en Berl\u00edn en rechazo al suministro de armas a Kiev por parte de la OTAN<\/a><\/strong><\/p>\n<p style=\"text-align: justify;\"><strong>\u2b55\ufe0f <a href=\"https:\/\/www.sana.sy\/es\/?p=283691\">La Armada de EE.UU admite la muerte de uno de sus exmiembros en Ucrania<\/a><\/strong><\/p>\n<p style=\"text-align: justify;\"><strong>\u2b55\ufe0f <a href=\"https:\/\/www.sana.sy\/es\/?p=283682\">Washington busca encender una guerra mundial en Europa, advierte pol\u00edtico franc\u00e9s<\/a><\/strong><\/p>\n<p style=\"text-align: justify;\"><strong>\u2b55\ufe0f <a href=\"https:\/\/www.sana.sy\/es\/?p=283671\">Francotiradores de EE.UU y el Reino Unido llegan a Jers\u00f3n para matar a civiles all\u00ed y acusar al Ej\u00e9rcito ruso<\/a><\/strong><\/p>\n<p style=\"text-align: justify;\"><strong>\u2b55\ufe0f <a href=\"https:\/\/www.sana.sy\/es\/?p=283664\">Nebenzia: Washington y la OTAN son c\u00f3mplices en los cr\u00edmenes genocidas cometidos por el r\u00e9gimen de Kiev en Donb\u00e1s<\/a><\/strong><\/p>\n","protected":false},"excerpt":{"rendered":"<p>Mosc\u00fa, 21 ene (SANA) \u2b55\ufe0f Las fuerzas rusas liberan nueva localidad en Donetsk y toman el control de nuevas posiciones en Zaporozhie \u2b55\ufe0f Medvedev: La guerra contra los nazis en Ucrania y Europa es una nueva guerra patria \u2b55\ufe0f Las fuerzas rusas rompen la primera l\u00ednea de defensa del ej\u00e9rcito ucraniano en Zaporozhie \u2b55\ufe0f Manifestaci\u00f3n &hellip;<\/p>\n","protected":false},"author":31,"featured_media":283781,"comment_status":"closed","ping_status":"closed","sticky":false,"template":"","format":"standard","meta":{"footnotes":""},"categories":[597,456,16687],"tags":[],"class_list":["post-283780","post","type-post","status-publish","format-standard","has-post-thumbnail","","category-cinta-de-noticias","category-arabe-internacional-politica","category-internacionales"],"_links":{"self":[{"href":"https:\/\/archive.sana.sy\/es\/index.php?rest_route=\/wp\/v2\/posts\/283780"}],"collection":[{"href":"https:\/\/archive.sana.sy\/es\/index.php?rest_route=\/wp\/v2\/posts"}],"about":[{"href":"https:\/\/archive.sana.sy\/es\/index.php?rest_route=\/wp\/v2\/types\/post"}],"author":[{"embeddable":true,"href":"https:\/\/archive.sana.sy\/es\/index.php?rest_route=\/wp\/v2\/users\/31"}],"replies":[{"embeddable":true,"href":"https:\/\/archive.sana.sy\/es\/index.php?rest_route=%2Fwp%2Fv2%2Fcomments&post=283780"}],"version-history":[{"count":0,"href":"https:\/\/archive.sana.sy\/es\/index.php?rest_route=\/wp\/v2\/posts\/283780\/revisions"}],"wp:featuredmedia":[{"embeddable":true,"href":"https:\/\/archive.sana.sy\/es\/index.php?rest_route=\/wp\/v2\/media\/283781"}],"wp:attachment":[{"href":"https:\/\/archive.sana.sy\/es\/index.php?rest_route=%2Fwp%2Fv2%2Fmedia&parent=283780"}],"wp:term":[{"taxonomy":"category","embeddable":true,"href":"https:\/\/archive.sana.sy\/es\/index.php?rest_route=%2Fwp%2Fv2%2Fcategories&post=283780"},{"taxonomy":"post_tag","embeddable":true,"href":"https:\/\/archive.sana.sy\/es\/index.php?rest_route=%2Fwp%2Fv2%2Ftags&post=283780"}],"curies":[{"name":"wp","href":"https:\/\/api.w.org\/{rel}","templated":true}]}}