{"id":283783,"date":"2023-01-22T04:55:50","date_gmt":"2023-01-22T02:55:50","guid":{"rendered":"http:\/\/107.6.182.27\/es\/?p=283783"},"modified":"2023-01-22T16:37:38","modified_gmt":"2023-01-22T14:37:38","slug":"siria-e-iran-abogan-por-una-coordinacion-mutua-en-beneficio-de-los-dos-paises","status":"publish","type":"post","link":"https:\/\/archive.sana.sy\/es\/?p=283783","title":{"rendered":"Siria e Ir\u00e1n abogan por una coordinaci\u00f3n mutua en beneficio de los dos pa\u00edses\u00a0"},"content":{"rendered":"<p style=\"text-align: justify;\"><span style=\"color: #800000;\"><strong>Teher\u00e1n, 21 ene (SANA)\u00a0<\/strong> <\/span>La asesora especial de la Presidencia de Siria, Bouzeina Shaaban, abord\u00f3 este s\u00e1bado con Hossein Amir Abdollahian, ministro de Relaciones Exteriores de Ir\u00e1n, la coordinaci\u00f3n conjunta entre los dos pa\u00edses al servicio de sus relaciones estrat\u00e9gicas, adem\u00e1s de la situaci\u00f3n a nivel regional e internacional.<\/p>\n<p style=\"text-align: justify;\">Durante la reuni\u00f3n que tuvo lugar en la capital iran\u00ed, Teher\u00e1n, Shaaban transmiti\u00f3 los saludos del presidente Bashar al-Assad a su hom\u00f3logo iran\u00ed Ibrahim Raisi.<\/p>\n<p style=\"text-align: justify;\">Por su parte, Abdollahian apreci\u00f3 la aceptaci\u00f3n por parte de Shabaan a la invitaci\u00f3n iran\u00ed y por haber representado a la Primera Dama, Asma al-Assad, en la primera Conferencia Internacional de Mujeres Influyentes, y expres\u00f3 su felicidad por su reciente reuni\u00f3n con el presidente Bashar al-Assad.<\/p>\n<p style=\"text-align: justify;\">Manifest\u00f3 la disposici\u00f3n de su pa\u00eds de apoyar Siria en cualquier asunto que sirva a los intereses de esta naci\u00f3n \u00e1rabe y su soberan\u00eda.<\/p>\n<p style=\"text-align: justify;\">\u201cIr\u00e1n y Siria tienen intereses mutuos ya que las dos partes enfrentan desaf\u00edos comunes y, por lo tanto, sus acciones concertadas estar\u00e1n en beneficio de los dos pueblos\u201d, enfatiz\u00f3.<\/p>\n<p style=\"text-align: justify;\">rr\/fm<\/p>\n","protected":false},"excerpt":{"rendered":"<p>Teher\u00e1n, 21 ene (SANA)\u00a0 La asesora especial de la Presidencia de Siria, Bouzeina Shaaban, abord\u00f3 este s\u00e1bado con Hossein Amir Abdollahian, ministro de Relaciones Exteriores de Ir\u00e1n, la coordinaci\u00f3n conjunta entre los dos pa\u00edses al servicio de sus relaciones estrat\u00e9gicas, adem\u00e1s de la situaci\u00f3n a nivel regional e internacional. Durante la reuni\u00f3n que tuvo lugar &hellip;<\/p>\n","protected":false},"author":34,"featured_media":283784,"comment_status":"closed","ping_status":"closed","sticky":false,"template":"","format":"standard","meta":{"footnotes":""},"categories":[477,447,597,20724,467,7541],"tags":[],"class_list":["post-283783","post","type-post","status-publish","format-standard","has-post-thumbnail","","category-noticias-edulcorantes","category-local-politica","category-cinta-de-noticias","category-minuto-a-minuto","category-siria-y-el-mundo","category-ultimas-noticias"],"_links":{"self":[{"href":"https:\/\/archive.sana.sy\/es\/index.php?rest_route=\/wp\/v2\/posts\/283783"}],"collection":[{"href":"https:\/\/archive.sana.sy\/es\/index.php?rest_route=\/wp\/v2\/posts"}],"about":[{"href":"https:\/\/archive.sana.sy\/es\/index.php?rest_route=\/wp\/v2\/types\/post"}],"author":[{"embeddable":true,"href":"https:\/\/archive.sana.sy\/es\/index.php?rest_route=\/wp\/v2\/users\/34"}],"replies":[{"embeddable":true,"href":"https:\/\/archive.sana.sy\/es\/index.php?rest_route=%2Fwp%2Fv2%2Fcomments&post=283783"}],"version-history":[{"count":0,"href":"https:\/\/archive.sana.sy\/es\/index.php?rest_route=\/wp\/v2\/posts\/283783\/revisions"}],"wp:featuredmedia":[{"embeddable":true,"href":"https:\/\/archive.sana.sy\/es\/index.php?rest_route=\/wp\/v2\/media\/283784"}],"wp:attachment":[{"href":"https:\/\/archive.sana.sy\/es\/index.php?rest_route=%2Fwp%2Fv2%2Fmedia&parent=283783"}],"wp:term":[{"taxonomy":"category","embeddable":true,"href":"https:\/\/archive.sana.sy\/es\/index.php?rest_route=%2Fwp%2Fv2%2Fcategories&post=283783"},{"taxonomy":"post_tag","embeddable":true,"href":"https:\/\/archive.sana.sy\/es\/index.php?rest_route=%2Fwp%2Fv2%2Ftags&post=283783"}],"curies":[{"name":"wp","href":"https:\/\/api.w.org\/{rel}","templated":true}]}}