{"id":283789,"date":"2023-01-22T05:44:38","date_gmt":"2023-01-22T03:44:38","guid":{"rendered":"http:\/\/107.6.182.27\/es\/?p=283789"},"modified":"2023-01-22T05:44:38","modified_gmt":"2023-01-22T03:44:38","slug":"burkina-faso-pide-oficialmente-a-las-fuerzas-francesas-que-abandonen-su-territorio","status":"publish","type":"post","link":"https:\/\/archive.sana.sy\/es\/?p=283789","title":{"rendered":"Burkina Faso pide oficialmente a las fuerzas francesas que abandonen su territorio"},"content":{"rendered":"<blockquote>\n<p style=\"text-align: justify;\">\n<p style=\"text-align: justify;\"><strong><span style=\"color: #993300;\">Burkina Faso ha sido testigo recientemente de numerosas manifestaciones masivas que exigen la salida de las fuerzas francesas porque no proporcionaron al pa\u00eds la asistencia necesaria para hacer frente a las organizaciones terroristas.<\/span><\/strong><\/p>\n<\/blockquote>\n<p style=\"text-align: justify;\"><span style=\"color: #800000;\"><strong>Uagadug\u00fa, 22 ene (SANA)\u00a0<\/strong><\/span> El gobierno de Burkina Faso pidi\u00f3 oficialmente al ej\u00e9rcito franc\u00e9s que abandone su territorio en el plazo de un mes.<\/p>\n<p style=\"text-align: justify;\">La Agencia de Noticias de Burkina Faso difundi\u00f3 que el gobierno del pa\u00eds denunci\u00f3 durante una reuni\u00f3n el acuerdo que rige la presencia de las fuerzas francesas en su territorio, firmado en diciembre de 2018, y les pidi\u00f3 que abandonaran el territorio del pa\u00eds en el plazo de solo un mes.<\/p>\n<p style=\"text-align: justify;\">Burkina Faso ha sido testigo recientemente de numerosas manifestaciones masivas que exigen la salida de las fuerzas francesas porque no proporcionaron al pa\u00eds la asistencia necesaria para hacer frente a las organizaciones terroristas.<\/p>\n<p style=\"text-align: justify;\">Desde 2015, varias zonas de Burkina Faso sufren inseguridad y repetidos ataques terroristas, que han provocado miles de muertos y heridos, y el desplazamiento de unos dos millones de personas.<\/p>\n<p style=\"text-align: justify;\">fm<\/p>\n","protected":false},"excerpt":{"rendered":"<p>Burkina Faso ha sido testigo recientemente de numerosas manifestaciones masivas que exigen la salida de las fuerzas francesas porque no proporcionaron al pa\u00eds la asistencia necesaria para hacer frente a las organizaciones terroristas. Uagadug\u00fa, 22 ene (SANA)\u00a0 El gobierno de Burkina Faso pidi\u00f3 oficialmente al ej\u00e9rcito franc\u00e9s que abandone su territorio en el plazo de &hellip;<\/p>\n","protected":false},"author":34,"featured_media":283790,"comment_status":"closed","ping_status":"closed","sticky":false,"template":"","format":"standard","meta":{"footnotes":""},"categories":[597,456,20724,7541],"tags":[],"class_list":["post-283789","post","type-post","status-publish","format-standard","has-post-thumbnail","","category-cinta-de-noticias","category-arabe-internacional-politica","category-minuto-a-minuto","category-ultimas-noticias"],"_links":{"self":[{"href":"https:\/\/archive.sana.sy\/es\/index.php?rest_route=\/wp\/v2\/posts\/283789"}],"collection":[{"href":"https:\/\/archive.sana.sy\/es\/index.php?rest_route=\/wp\/v2\/posts"}],"about":[{"href":"https:\/\/archive.sana.sy\/es\/index.php?rest_route=\/wp\/v2\/types\/post"}],"author":[{"embeddable":true,"href":"https:\/\/archive.sana.sy\/es\/index.php?rest_route=\/wp\/v2\/users\/34"}],"replies":[{"embeddable":true,"href":"https:\/\/archive.sana.sy\/es\/index.php?rest_route=%2Fwp%2Fv2%2Fcomments&post=283789"}],"version-history":[{"count":0,"href":"https:\/\/archive.sana.sy\/es\/index.php?rest_route=\/wp\/v2\/posts\/283789\/revisions"}],"wp:featuredmedia":[{"embeddable":true,"href":"https:\/\/archive.sana.sy\/es\/index.php?rest_route=\/wp\/v2\/media\/283790"}],"wp:attachment":[{"href":"https:\/\/archive.sana.sy\/es\/index.php?rest_route=%2Fwp%2Fv2%2Fmedia&parent=283789"}],"wp:term":[{"taxonomy":"category","embeddable":true,"href":"https:\/\/archive.sana.sy\/es\/index.php?rest_route=%2Fwp%2Fv2%2Fcategories&post=283789"},{"taxonomy":"post_tag","embeddable":true,"href":"https:\/\/archive.sana.sy\/es\/index.php?rest_route=%2Fwp%2Fv2%2Ftags&post=283789"}],"curies":[{"name":"wp","href":"https:\/\/api.w.org\/{rel}","templated":true}]}}