{"id":283796,"date":"2023-01-22T10:16:47","date_gmt":"2023-01-22T08:16:47","guid":{"rendered":"http:\/\/107.6.182.27\/es\/?p=283796"},"modified":"2023-01-22T10:16:47","modified_gmt":"2023-01-22T08:16:47","slug":"detienen-a-mas-de-200-manifestantes-en-una-importante-universidad-en-peru","status":"publish","type":"post","link":"https:\/\/archive.sana.sy\/es\/?p=283796","title":{"rendered":"Detienen a m\u00e1s de 200 manifestantes en una importante universidad en Per\u00fa"},"content":{"rendered":"<p style=\"text-align: justify;\"><span style=\"color: #800000;\"><strong>Lima, 22 ene (SANA)\u00a0 \u00a0<\/strong><\/span>M\u00e1s de 200 manifestantes que estaban dentro de la Universidad Nacional Mayor de San Marcos fueron detenidos luego de que la Polic\u00eda Nacional del Per\u00fa (PNP) entrara al centro educativo para desalojarlos.<\/p>\n<p>En conferencia de prensa, el fiscal superior Alfonso Barrenechea indic\u00f3 que los detenidos quienes acudieron a la capital peruana para protestar contra el gobierno de Dina Boluarte fueron trasladados a las sedes de la Direcci\u00f3n Contra el Terrorismo (Dircote) y la Direcci\u00f3n de Investigaci\u00f3n Criminal (Dirincri) de la PNP.<\/p>\n<p>Varios de los detenidos hab\u00edan llegado a Lima desde Puno y Cusco para pedir la salida de la presidenta Boluarte, precis\u00f3 Barrenechea .<\/p>\n<p style=\"text-align: justify;\"><em><strong>ws\/fm<\/strong><\/em><\/p>\n","protected":false},"excerpt":{"rendered":"<p>Lima, 22 ene (SANA)\u00a0 \u00a0M\u00e1s de 200 manifestantes que estaban dentro de la Universidad Nacional Mayor de San Marcos fueron detenidos luego de que la Polic\u00eda Nacional del Per\u00fa (PNP) entrara al centro educativo para desalojarlos. En conferencia de prensa, el fiscal superior Alfonso Barrenechea indic\u00f3 que los detenidos quienes acudieron a la capital peruana &hellip;<\/p>\n","protected":false},"author":35,"featured_media":283797,"comment_status":"closed","ping_status":"closed","sticky":false,"template":"","format":"standard","meta":{"footnotes":""},"categories":[597,456,16687,20724,7541],"tags":[],"class_list":["post-283796","post","type-post","status-publish","format-standard","has-post-thumbnail","","category-cinta-de-noticias","category-arabe-internacional-politica","category-internacionales","category-minuto-a-minuto","category-ultimas-noticias"],"_links":{"self":[{"href":"https:\/\/archive.sana.sy\/es\/index.php?rest_route=\/wp\/v2\/posts\/283796"}],"collection":[{"href":"https:\/\/archive.sana.sy\/es\/index.php?rest_route=\/wp\/v2\/posts"}],"about":[{"href":"https:\/\/archive.sana.sy\/es\/index.php?rest_route=\/wp\/v2\/types\/post"}],"author":[{"embeddable":true,"href":"https:\/\/archive.sana.sy\/es\/index.php?rest_route=\/wp\/v2\/users\/35"}],"replies":[{"embeddable":true,"href":"https:\/\/archive.sana.sy\/es\/index.php?rest_route=%2Fwp%2Fv2%2Fcomments&post=283796"}],"version-history":[{"count":0,"href":"https:\/\/archive.sana.sy\/es\/index.php?rest_route=\/wp\/v2\/posts\/283796\/revisions"}],"wp:featuredmedia":[{"embeddable":true,"href":"https:\/\/archive.sana.sy\/es\/index.php?rest_route=\/wp\/v2\/media\/283797"}],"wp:attachment":[{"href":"https:\/\/archive.sana.sy\/es\/index.php?rest_route=%2Fwp%2Fv2%2Fmedia&parent=283796"}],"wp:term":[{"taxonomy":"category","embeddable":true,"href":"https:\/\/archive.sana.sy\/es\/index.php?rest_route=%2Fwp%2Fv2%2Fcategories&post=283796"},{"taxonomy":"post_tag","embeddable":true,"href":"https:\/\/archive.sana.sy\/es\/index.php?rest_route=%2Fwp%2Fv2%2Ftags&post=283796"}],"curies":[{"name":"wp","href":"https:\/\/api.w.org\/{rel}","templated":true}]}}