{"id":283802,"date":"2023-01-22T10:37:23","date_gmt":"2023-01-22T08:37:23","guid":{"rendered":"http:\/\/107.6.182.27\/es\/?p=283802"},"modified":"2023-01-22T14:09:54","modified_gmt":"2023-01-22T12:09:54","slug":"al-menos-10-muertos-por-derrumbe-de-un-edificio-residencial-en-la-ciudad-de-alepo","status":"publish","type":"post","link":"https:\/\/archive.sana.sy\/es\/?p=283802","title":{"rendered":"16 muertos y 4 heridos por derrumbe de un edificio residencial en la ciudad de Alepo"},"content":{"rendered":"<p style=\"text-align: justify;\"><span style=\"color: #800000;\"><strong>Alepo, 22 ene (SANA)<\/strong> <\/span>Al menos 16 personas, incluido un ni\u00f1o, murieron como consecuencia del derrumbe de un edificio residencial en el barrio Sheikh Maqsoud de la ciudad de Alepo.<\/p>\n<p style=\"text-align: justify;\">Una fuente en la gobernaci\u00f3n de Alepo declar\u00f3 a SANA que el edificio constaba de cinco pisos y el motivo del colapso se debe a una filtraci\u00f3n de agua en los cimientos del mismo.<\/p>\n<p style=\"text-align: justify;\">Agreg\u00f3 que los equipos de rescate, protecci\u00f3n civil y extinci\u00f3n de incendios a\u00fan est\u00e1n trabajando para buscar a posibles personas sobrevivientes debajo los escombros.<\/p>\n<p style=\"text-align: justify;\">fm\/as<\/p>\n","protected":false},"excerpt":{"rendered":"<p>Alepo, 22 ene (SANA) Al menos 16 personas, incluido un ni\u00f1o, murieron como consecuencia del derrumbe de un edificio residencial en el barrio Sheikh Maqsoud de la ciudad de Alepo. Una fuente en la gobernaci\u00f3n de Alepo declar\u00f3 a SANA que el edificio constaba de cinco pisos y el motivo del colapso se debe a &hellip;<\/p>\n","protected":false},"author":42,"featured_media":283838,"comment_status":"closed","ping_status":"closed","sticky":false,"template":"","format":"standard","meta":{"footnotes":""},"categories":[477,447,597,20724,476,16688,583],"tags":[],"class_list":["post-283802","post","type-post","status-publish","format-standard","has-post-thumbnail","","category-noticias-edulcorantes","category-local-politica","category-cinta-de-noticias","category-minuto-a-minuto","category-locales","category-nacionales","category-slide"],"_links":{"self":[{"href":"https:\/\/archive.sana.sy\/es\/index.php?rest_route=\/wp\/v2\/posts\/283802"}],"collection":[{"href":"https:\/\/archive.sana.sy\/es\/index.php?rest_route=\/wp\/v2\/posts"}],"about":[{"href":"https:\/\/archive.sana.sy\/es\/index.php?rest_route=\/wp\/v2\/types\/post"}],"author":[{"embeddable":true,"href":"https:\/\/archive.sana.sy\/es\/index.php?rest_route=\/wp\/v2\/users\/42"}],"replies":[{"embeddable":true,"href":"https:\/\/archive.sana.sy\/es\/index.php?rest_route=%2Fwp%2Fv2%2Fcomments&post=283802"}],"version-history":[{"count":0,"href":"https:\/\/archive.sana.sy\/es\/index.php?rest_route=\/wp\/v2\/posts\/283802\/revisions"}],"wp:featuredmedia":[{"embeddable":true,"href":"https:\/\/archive.sana.sy\/es\/index.php?rest_route=\/wp\/v2\/media\/283838"}],"wp:attachment":[{"href":"https:\/\/archive.sana.sy\/es\/index.php?rest_route=%2Fwp%2Fv2%2Fmedia&parent=283802"}],"wp:term":[{"taxonomy":"category","embeddable":true,"href":"https:\/\/archive.sana.sy\/es\/index.php?rest_route=%2Fwp%2Fv2%2Fcategories&post=283802"},{"taxonomy":"post_tag","embeddable":true,"href":"https:\/\/archive.sana.sy\/es\/index.php?rest_route=%2Fwp%2Fv2%2Ftags&post=283802"}],"curies":[{"name":"wp","href":"https:\/\/api.w.org\/{rel}","templated":true}]}}