{"id":283805,"date":"2023-01-22T11:04:17","date_gmt":"2023-01-22T09:04:17","guid":{"rendered":"http:\/\/107.6.182.27\/es\/?p=283805"},"modified":"2023-01-22T11:05:09","modified_gmt":"2023-01-22T09:05:09","slug":"ministerio-de-salud-lanza-campana-nacional-de-vacunacion-contra-covid-19","status":"publish","type":"post","link":"https:\/\/archive.sana.sy\/es\/?p=283805","title":{"rendered":"Ministerio de Salud lanza Campa\u00f1a Nacional de Vacunaci\u00f3n contra Covid-19"},"content":{"rendered":"<blockquote>\n<p style=\"text-align: justify;\"><span style=\"color: #ff0000;\"><strong>El sector de la salud en Siria es blanco de medidas coercitivas y restricciones impuestas por la administraci\u00f3n estadounidense, sin embargo, los casos de contagio por la Covid-19 registraron una baja significativa durante el \u00faltimo per\u00edodo.<\/strong><\/span><\/p>\n<\/blockquote>\n<p style=\"text-align: justify;\"><span style=\"color: #800000;\"><strong>Damasco, 22 ene (SANA)<\/strong><\/span>\u00a0 El Ministerio de Salud lanz\u00f3 este domingo una nueva campa\u00f1a nacional de vacunaci\u00f3n contra la Covid-19, que durar\u00e1 hasta 26 del mes en curso.<\/p>\n<p style=\"text-align: justify;\">En la campa\u00f1a, se inmunizar\u00e1n los ciudadanos mayores de 18 a\u00f1os en todas las provincias sirias.<br \/>\nEl sector de la salud en Siria es blanco de medidas coercitivas y restricciones impuestas por la administraci\u00f3n estadounidense, sin embargo, los casos de contagio por la Covid-19 registraron una baja significativa durante el \u00faltimo per\u00edodo.<\/p>\n<p style=\"text-align: justify;\">Seg\u00fan comunic\u00f3 a SANA la directora de Atenci\u00f3n Primaria de Salud del Ministerio, Razan Tarabishi, participan en la campa\u00f1a 7667 trabajadores sanitarios distribuidos en 20 hospitales, 874 centros de salud y 399 equipos m\u00f3viles.<\/p>\n<p style=\"text-align: justify;\">\u201cLa vacuna es segura, eficaz y gratuita, y est\u00e1 permitida seg\u00fan las recientes recomendaciones de la Organizaci\u00f3n Mundial de la Salud, para las embarazadas o en per\u00edodo de lactancia\u201d, detall\u00f3.<\/p>\n<p style=\"text-align: justify;\">El pasado 11 de diciembre, el Ministerio de Salud lanz\u00f3 una semejante campa\u00f1a para enfrentar este virus.<\/p>\n<p style=\"text-align: justify;\"><strong>ws\/fm<\/strong><\/p>\n","protected":false},"excerpt":{"rendered":"<p>El sector de la salud en Siria es blanco de medidas coercitivas y restricciones impuestas por la administraci\u00f3n estadounidense, sin embargo, los casos de contagio por la Covid-19 registraron una baja significativa durante el \u00faltimo per\u00edodo. Damasco, 22 ene (SANA)\u00a0 El Ministerio de Salud lanz\u00f3 este domingo una nueva campa\u00f1a nacional de vacunaci\u00f3n contra la &hellip;<\/p>\n","protected":false},"author":35,"featured_media":283806,"comment_status":"closed","ping_status":"closed","sticky":false,"template":"","format":"standard","meta":{"footnotes":""},"categories":[597,20724,476,7541],"tags":[],"class_list":["post-283805","post","type-post","status-publish","format-standard","has-post-thumbnail","","category-cinta-de-noticias","category-minuto-a-minuto","category-locales","category-ultimas-noticias"],"_links":{"self":[{"href":"https:\/\/archive.sana.sy\/es\/index.php?rest_route=\/wp\/v2\/posts\/283805"}],"collection":[{"href":"https:\/\/archive.sana.sy\/es\/index.php?rest_route=\/wp\/v2\/posts"}],"about":[{"href":"https:\/\/archive.sana.sy\/es\/index.php?rest_route=\/wp\/v2\/types\/post"}],"author":[{"embeddable":true,"href":"https:\/\/archive.sana.sy\/es\/index.php?rest_route=\/wp\/v2\/users\/35"}],"replies":[{"embeddable":true,"href":"https:\/\/archive.sana.sy\/es\/index.php?rest_route=%2Fwp%2Fv2%2Fcomments&post=283805"}],"version-history":[{"count":0,"href":"https:\/\/archive.sana.sy\/es\/index.php?rest_route=\/wp\/v2\/posts\/283805\/revisions"}],"wp:featuredmedia":[{"embeddable":true,"href":"https:\/\/archive.sana.sy\/es\/index.php?rest_route=\/wp\/v2\/media\/283806"}],"wp:attachment":[{"href":"https:\/\/archive.sana.sy\/es\/index.php?rest_route=%2Fwp%2Fv2%2Fmedia&parent=283805"}],"wp:term":[{"taxonomy":"category","embeddable":true,"href":"https:\/\/archive.sana.sy\/es\/index.php?rest_route=%2Fwp%2Fv2%2Fcategories&post=283805"},{"taxonomy":"post_tag","embeddable":true,"href":"https:\/\/archive.sana.sy\/es\/index.php?rest_route=%2Fwp%2Fv2%2Ftags&post=283805"}],"curies":[{"name":"wp","href":"https:\/\/api.w.org\/{rel}","templated":true}]}}