{"id":283840,"date":"2023-01-22T14:56:45","date_gmt":"2023-01-22T12:56:45","guid":{"rendered":"http:\/\/107.6.182.27\/es\/?p=283840"},"modified":"2023-01-23T05:24:56","modified_gmt":"2023-01-23T03:24:56","slug":"periodistas-exigen-liberacion-de-su-colega-secuestrado-por-la-milicia-fds","status":"publish","type":"post","link":"https:\/\/archive.sana.sy\/es\/?p=283840","title":{"rendered":"Periodistas exigen liberaci\u00f3n de su colega secuestrado por la milicia FDS"},"content":{"rendered":"<blockquote>\n<p style=\"text-align: justify;\"><strong>\u201cEl colega Muhammad estaba cumpliendo su deber de transmitir la verdad a la opini\u00f3n p\u00fablica en todo el mundo, lo que molest\u00f3 al ocupante estadounidense y sus t\u00edteres de FDS que trataron de silenciar su voz encarcel\u00e1ndolo\u201d, dijo el miembro de la oficina ejecutiva del Sindicato de Periodistas, Abdul Karim Haj Obaid.<\/strong><\/p>\n<\/blockquote>\n<p style=\"text-align: justify;\"><span style=\"color: #800000;\"><strong>Alepo, 22 ene (SANA)\u00a0<\/strong><\/span> \u00a0 \u00a0Un grupo de periodistas de la provincia de Alepo llev\u00f3 a cabo un acto solidario para exigir la liberaci\u00f3n de Muhammad al-Saghir, el corresponsal del canal sirio al-Ikhbariya en la provincia de Hasakeh, secuestrado desde 2019 por la milicia separatista FDS, mercenaria del ocupante estadounidense.<\/p>\n<p style=\"text-align: justify;\">\u201cEl colega Muhammad estaba cumpliendo su deber de transmitir la verdad a la opini\u00f3n p\u00fablica en todo el mundo, lo que molest\u00f3 al ocupante estadounidense y sus t\u00edteres de FDS que trataron de silenciar su voz encarcel\u00e1ndolo\u201d, dijo el miembro de la oficina ejecutiva del Sindicato de Periodistas, Abdul Karim Haj Obaid.<\/p>\n<p style=\"text-align: justify;\">Durante el acto, los periodistas denunciaron los ataques y pr\u00e1cticas de la milicia FDS contra los periodistas en medio de un silencio de los organismos internacionales humanitarios y de los medios de comunicaci\u00f3n.<\/p>\n<p style=\"text-align: justify;\">Recordaron que el periodista se encuentra en un estado cr\u00edtico de salud y destacaron la necesidad de su puesta en libertad de inmediato.<\/p>\n<p style=\"text-align: justify;\">En junio de 2019, la milicia FDS secuestr\u00f3 a Muhammad al-Saghir mientras hac\u00eda su trabajo.<\/p>\n<div id='gallery-1' class='gallery galleryid-283840 gallery-columns-1 gallery-size-full'><figure class='gallery-item'>\n\t\t\t<div class='gallery-icon landscape'>\n\t\t\t\t<a href='https:\/\/archive.sana.sy\/es\/wp-content\/uploads\/2023\/01\/0-8-scaled.jpg'><img loading=\"lazy\" decoding=\"async\" width=\"2560\" height=\"1897\" src=\"https:\/\/archive.sana.sy\/es\/wp-content\/uploads\/2023\/01\/0-8-scaled.jpg\" class=\"attachment-full size-full\" alt=\"\" srcset=\"https:\/\/archive.sana.sy\/es\/wp-content\/uploads\/2023\/01\/0-8-scaled.jpg 2560w, https:\/\/archive.sana.sy\/es\/wp-content\/uploads\/2023\/01\/0-8-300x222.jpg 300w, https:\/\/archive.sana.sy\/es\/wp-content\/uploads\/2023\/01\/0-8-1024x759.jpg 1024w, https:\/\/archive.sana.sy\/es\/wp-content\/uploads\/2023\/01\/0-8-150x111.jpg 150w, https:\/\/archive.sana.sy\/es\/wp-content\/uploads\/2023\/01\/0-8-768x569.jpg 768w, https:\/\/archive.sana.sy\/es\/wp-content\/uploads\/2023\/01\/0-8-1536x1138.jpg 1536w, https:\/\/archive.sana.sy\/es\/wp-content\/uploads\/2023\/01\/0-8-2048x1518.jpg 2048w\" sizes=\"(max-width: 2560px) 100vw, 2560px\" \/><\/a>\n\t\t\t<\/div><\/figure><figure class='gallery-item'>\n\t\t\t<div class='gallery-icon landscape'>\n\t\t\t\t<a href='https:\/\/archive.sana.sy\/es\/wp-content\/uploads\/2023\/01\/0-13-scaled.jpg'><img loading=\"lazy\" decoding=\"async\" width=\"2560\" height=\"1850\" src=\"https:\/\/archive.sana.sy\/es\/wp-content\/uploads\/2023\/01\/0-13-scaled.jpg\" class=\"attachment-full size-full\" alt=\"\" srcset=\"https:\/\/archive.sana.sy\/es\/wp-content\/uploads\/2023\/01\/0-13-scaled.jpg 2560w, https:\/\/archive.sana.sy\/es\/wp-content\/uploads\/2023\/01\/0-13-300x217.jpg 300w, https:\/\/archive.sana.sy\/es\/wp-content\/uploads\/2023\/01\/0-13-1024x740.jpg 1024w, https:\/\/archive.sana.sy\/es\/wp-content\/uploads\/2023\/01\/0-13-150x108.jpg 150w, https:\/\/archive.sana.sy\/es\/wp-content\/uploads\/2023\/01\/0-13-768x555.jpg 768w, https:\/\/archive.sana.sy\/es\/wp-content\/uploads\/2023\/01\/0-13-1536x1110.jpg 1536w, https:\/\/archive.sana.sy\/es\/wp-content\/uploads\/2023\/01\/0-13-2048x1480.jpg 2048w\" sizes=\"(max-width: 2560px) 100vw, 2560px\" \/><\/a>\n\t\t\t<\/div><\/figure><figure class='gallery-item'>\n\t\t\t<div class='gallery-icon landscape'>\n\t\t\t\t<a href='https:\/\/archive.sana.sy\/es\/wp-content\/uploads\/2023\/01\/0-6-1-scaled.jpg'><img loading=\"lazy\" decoding=\"async\" width=\"2560\" height=\"1707\" src=\"https:\/\/archive.sana.sy\/es\/wp-content\/uploads\/2023\/01\/0-6-1-scaled.jpg\" class=\"attachment-full size-full\" alt=\"\" srcset=\"https:\/\/archive.sana.sy\/es\/wp-content\/uploads\/2023\/01\/0-6-1-scaled.jpg 2560w, https:\/\/archive.sana.sy\/es\/wp-content\/uploads\/2023\/01\/0-6-1-300x200.jpg 300w, https:\/\/archive.sana.sy\/es\/wp-content\/uploads\/2023\/01\/0-6-1-1024x683.jpg 1024w, https:\/\/archive.sana.sy\/es\/wp-content\/uploads\/2023\/01\/0-6-1-150x100.jpg 150w, https:\/\/archive.sana.sy\/es\/wp-content\/uploads\/2023\/01\/0-6-1-768x512.jpg 768w, https:\/\/archive.sana.sy\/es\/wp-content\/uploads\/2023\/01\/0-6-1-1536x1024.jpg 1536w, https:\/\/archive.sana.sy\/es\/wp-content\/uploads\/2023\/01\/0-6-1-2048x1365.jpg 2048w\" sizes=\"(max-width: 2560px) 100vw, 2560px\" \/><\/a>\n\t\t\t<\/div><\/figure><figure class='gallery-item'>\n\t\t\t<div class='gallery-icon landscape'>\n\t\t\t\t<a href='https:\/\/archive.sana.sy\/es\/wp-content\/uploads\/2023\/01\/0-4-scaled.jpg'><img loading=\"lazy\" decoding=\"async\" width=\"2560\" height=\"1707\" src=\"https:\/\/archive.sana.sy\/es\/wp-content\/uploads\/2023\/01\/0-4-scaled.jpg\" class=\"attachment-full size-full\" alt=\"\" srcset=\"https:\/\/archive.sana.sy\/es\/wp-content\/uploads\/2023\/01\/0-4-scaled.jpg 2560w, https:\/\/archive.sana.sy\/es\/wp-content\/uploads\/2023\/01\/0-4-300x200.jpg 300w, https:\/\/archive.sana.sy\/es\/wp-content\/uploads\/2023\/01\/0-4-1024x683.jpg 1024w, https:\/\/archive.sana.sy\/es\/wp-content\/uploads\/2023\/01\/0-4-150x100.jpg 150w, https:\/\/archive.sana.sy\/es\/wp-content\/uploads\/2023\/01\/0-4-768x512.jpg 768w, https:\/\/archive.sana.sy\/es\/wp-content\/uploads\/2023\/01\/0-4-1536x1024.jpg 1536w, https:\/\/archive.sana.sy\/es\/wp-content\/uploads\/2023\/01\/0-4-2048x1366.jpg 2048w\" sizes=\"(max-width: 2560px) 100vw, 2560px\" \/><\/a>\n\t\t\t<\/div><\/figure><figure class='gallery-item'>\n\t\t\t<div class='gallery-icon landscape'>\n\t\t\t\t<a href='https:\/\/archive.sana.sy\/es\/wp-content\/uploads\/2023\/01\/0-5-scaled.jpg'><img loading=\"lazy\" decoding=\"async\" width=\"2560\" height=\"1707\" src=\"https:\/\/archive.sana.sy\/es\/wp-content\/uploads\/2023\/01\/0-5-scaled.jpg\" class=\"attachment-full size-full\" alt=\"\" srcset=\"https:\/\/archive.sana.sy\/es\/wp-content\/uploads\/2023\/01\/0-5-scaled.jpg 2560w, https:\/\/archive.sana.sy\/es\/wp-content\/uploads\/2023\/01\/0-5-300x200.jpg 300w, https:\/\/archive.sana.sy\/es\/wp-content\/uploads\/2023\/01\/0-5-1024x683.jpg 1024w, https:\/\/archive.sana.sy\/es\/wp-content\/uploads\/2023\/01\/0-5-150x100.jpg 150w, https:\/\/archive.sana.sy\/es\/wp-content\/uploads\/2023\/01\/0-5-768x512.jpg 768w, https:\/\/archive.sana.sy\/es\/wp-content\/uploads\/2023\/01\/0-5-1536x1024.jpg 1536w, https:\/\/archive.sana.sy\/es\/wp-content\/uploads\/2023\/01\/0-5-2048x1365.jpg 2048w\" sizes=\"(max-width: 2560px) 100vw, 2560px\" \/><\/a>\n\t\t\t<\/div><\/figure><figure class='gallery-item'>\n\t\t\t<div class='gallery-icon landscape'>\n\t\t\t\t<a href='https:\/\/archive.sana.sy\/es\/wp-content\/uploads\/2023\/01\/0-14-scaled.jpg'><img loading=\"lazy\" decoding=\"async\" width=\"2560\" height=\"1749\" src=\"https:\/\/archive.sana.sy\/es\/wp-content\/uploads\/2023\/01\/0-14-scaled.jpg\" class=\"attachment-full size-full\" alt=\"\" srcset=\"https:\/\/archive.sana.sy\/es\/wp-content\/uploads\/2023\/01\/0-14-scaled.jpg 2560w, https:\/\/archive.sana.sy\/es\/wp-content\/uploads\/2023\/01\/0-14-300x205.jpg 300w, https:\/\/archive.sana.sy\/es\/wp-content\/uploads\/2023\/01\/0-14-1024x700.jpg 1024w, https:\/\/archive.sana.sy\/es\/wp-content\/uploads\/2023\/01\/0-14-150x102.jpg 150w, https:\/\/archive.sana.sy\/es\/wp-content\/uploads\/2023\/01\/0-14-768x525.jpg 768w, https:\/\/archive.sana.sy\/es\/wp-content\/uploads\/2023\/01\/0-14-1536x1050.jpg 1536w, https:\/\/archive.sana.sy\/es\/wp-content\/uploads\/2023\/01\/0-14-2048x1399.jpg 2048w, https:\/\/archive.sana.sy\/es\/wp-content\/uploads\/2023\/01\/0-14-110x75.jpg 110w\" sizes=\"(max-width: 2560px) 100vw, 2560px\" \/><\/a>\n\t\t\t<\/div><\/figure>\n\t\t<\/div>\n\n<p style=\"text-align: justify;\">\n<p style=\"text-align: justify;\">fm\/ed<\/p>\n<p>&nbsp;<\/p>\n","protected":false},"excerpt":{"rendered":"<p>\u201cEl colega Muhammad estaba cumpliendo su deber de transmitir la verdad a la opini\u00f3n p\u00fablica en todo el mundo, lo que molest\u00f3 al ocupante estadounidense y sus t\u00edteres de FDS que trataron de silenciar su voz encarcel\u00e1ndolo\u201d, dijo el miembro de la oficina ejecutiva del Sindicato de Periodistas, Abdul Karim Haj Obaid. Alepo, 22 ene &hellip;<\/p>\n","protected":false},"author":32,"featured_media":283841,"comment_status":"closed","ping_status":"closed","sticky":false,"template":"","format":"standard","meta":{"footnotes":""},"categories":[477,447,597,623,476,571,7541],"tags":[],"class_list":["post-283840","post","type-post","status-publish","format-standard","has-post-thumbnail","","category-noticias-edulcorantes","category-local-politica","category-cinta-de-noticias","category-fotos-sana","category-locales","category-siria-en-fotos","category-ultimas-noticias"],"_links":{"self":[{"href":"https:\/\/archive.sana.sy\/es\/index.php?rest_route=\/wp\/v2\/posts\/283840"}],"collection":[{"href":"https:\/\/archive.sana.sy\/es\/index.php?rest_route=\/wp\/v2\/posts"}],"about":[{"href":"https:\/\/archive.sana.sy\/es\/index.php?rest_route=\/wp\/v2\/types\/post"}],"author":[{"embeddable":true,"href":"https:\/\/archive.sana.sy\/es\/index.php?rest_route=\/wp\/v2\/users\/32"}],"replies":[{"embeddable":true,"href":"https:\/\/archive.sana.sy\/es\/index.php?rest_route=%2Fwp%2Fv2%2Fcomments&post=283840"}],"version-history":[{"count":0,"href":"https:\/\/archive.sana.sy\/es\/index.php?rest_route=\/wp\/v2\/posts\/283840\/revisions"}],"wp:featuredmedia":[{"embeddable":true,"href":"https:\/\/archive.sana.sy\/es\/index.php?rest_route=\/wp\/v2\/media\/283841"}],"wp:attachment":[{"href":"https:\/\/archive.sana.sy\/es\/index.php?rest_route=%2Fwp%2Fv2%2Fmedia&parent=283840"}],"wp:term":[{"taxonomy":"category","embeddable":true,"href":"https:\/\/archive.sana.sy\/es\/index.php?rest_route=%2Fwp%2Fv2%2Fcategories&post=283840"},{"taxonomy":"post_tag","embeddable":true,"href":"https:\/\/archive.sana.sy\/es\/index.php?rest_route=%2Fwp%2Fv2%2Ftags&post=283840"}],"curies":[{"name":"wp","href":"https:\/\/api.w.org\/{rel}","templated":true}]}}