{"id":28387,"date":"2015-08-15T20:52:16","date_gmt":"2015-08-15T17:52:16","guid":{"rendered":"http:\/\/sana.sy\/es\/?p=28387"},"modified":"2015-08-15T20:52:16","modified_gmt":"2015-08-15T17:52:16","slug":"el-coordinador-de-ayuda-humanitaria-de-la-onu-visita-siria","status":"publish","type":"post","link":"https:\/\/archive.sana.sy\/es\/?p=28387","title":{"rendered":"El coordinador de ayuda humanitaria de la ONU visita Siria"},"content":{"rendered":"<p><span style=\"color: #800000\">Damasco, SANA<\/span><\/p>\n<p style=\"text-align: justify\">El viceministro de Asuntos Exteriores y Expatriados, Dr. Faisal al-Mikdad, afirm\u00f3 que la crisis en Siria fue provocada por el terrorismo, y que el papel que desempe\u00f1a el ej\u00e9rcito sirio actualmente es proteger al pueblo y a la patria contra los peligrosos actos terroristas.<\/p>\n<p style=\"text-align: justify\">Los comentarios de Al- Mikdad, tuvieron lugar durante su reuni\u00f3n hoy en Damasco con Stephen O&#8217;Brien, el Secretario General Adjunto para Asuntos Humanitarios y Coordinador de Ayuda de Emergencia, donde fue discutido el papel de las Naciones Unidas en respecto a la crisis humanitaria en Siria.<\/p>\n<p style=\"text-align: justify\">Al-Mikdad destac\u00f3 la importancia de no politizar la situaci\u00f3n humanitaria siria, llamando al mismo tiempo para mejorar el nivel de cooperaci\u00f3n y coordinaci\u00f3n entre el gobierno sirio y las Naciones Unidas para satisfacer las necesidades de los afectados por la crisis y garantizar que la ayuda llegue a los m\u00e1s necesitados.<\/p>\n<p style=\"text-align: justify\">Por otra parte, Al-Mikdad matiz\u00f3 la influencia negativa de las sanciones econ\u00f3micas unilaterales impuestas contra el pueblo sirio, instando a las Naciones Unidas para emplear los esfuerzos necesarios con el fin de levantar dichas sanciones que contradicen los principios de la Carta de la ONU y el derecho internacional.<\/p>\n<p style=\"text-align: center\"><a href=\"http:\/\/sana.sy\/es\/?attachment_id=28389\" rel=\"attachment wp-att-28389\"><img loading=\"lazy\" decoding=\"async\" class=\"alignnone size-medium wp-image-28389\" src=\"http:\/\/sana.sy\/es\/wp-content\/uploads\/2015\/08\/mikdad-2-300x160.jpg2_-300x160.jpg\" alt=\"mikdad-2-300x160.jpg2\" width=\"300\" height=\"160\" srcset=\"https:\/\/archive.sana.sy\/es\/wp-content\/uploads\/2015\/08\/mikdad-2-300x160.jpg2_.jpg 300w, https:\/\/archive.sana.sy\/es\/wp-content\/uploads\/2015\/08\/mikdad-2-300x160.jpg2_-150x80.jpg 150w\" sizes=\"(max-width: 300px) 100vw, 300px\" \/><\/a><\/p>\n<p style=\"text-align: justify\">Por su parte, El funcionario de la ONU subray\u00f3 la importancia de reforzar la cooperaci\u00f3n entre la ONU y el gobierno sirio para hacer frente a los desaf\u00edos humanitarios generados por la guerra en Siria.<\/p>\n<p style=\"text-align: justify\">El alto funcionario de la ONU, dijo que su primera visita a Siria viene en el marco de inspeccionar y estar al tanto sobre la calidad de ayuda ofrecida la organizaci\u00f3n mundial, afirmando que espera trabajar de cerca con la situaci\u00f3n humanitaria siria y lejos de la politizaci\u00f3n.<\/p>\n<p style=\"text-align: justify\">El alto funcionario reemplaza a Valerie Amos, quien se desempe\u00f1\u00f3 en el puesto desde septiembre de 2010, y a quien Ban Ki-moon le ha expresado enorme gratitud por su dedicaci\u00f3n y compromiso a favor de los m\u00e1s vulnerables del mundo, afectados por conflictos y desastres.<\/p>\n<p style=\"text-align: justify\">Stephen O\u2019Brien fue miembro del Parlamento del Reino Unido y fungi\u00f3 como enviado especial y representante del primer ministro brit\u00e1nico para el Sahel, de 2012 a 20015.<\/p>\n<p>M.Miri<\/p>\n","protected":false},"excerpt":{"rendered":"<p>Damasco, SANA El viceministro de Asuntos Exteriores y Expatriados, Dr. Faisal al-Mikdad, afirm\u00f3 que la crisis en Siria fue provocada por el terrorismo, y que el papel que desempe\u00f1a el ej\u00e9rcito sirio actualmente es proteger al pueblo y a la patria contra los peligrosos actos terroristas. Los comentarios de Al- Mikdad, tuvieron lugar durante su &hellip;<\/p>\n","protected":false},"author":1,"featured_media":28388,"comment_status":"closed","ping_status":"closed","sticky":false,"template":"","format":"standard","meta":{"footnotes":""},"categories":[457,576],"tags":[6318],"class_list":["post-28387","post","type-post","status-publish","format-standard","has-post-thumbnail","","category-noticias-arabe-internacional-politica","category-noticias-politicas","tag-el-coordinador-de-ayuda-humanitaria-de-la-onu-visita-siria"],"_links":{"self":[{"href":"https:\/\/archive.sana.sy\/es\/index.php?rest_route=\/wp\/v2\/posts\/28387"}],"collection":[{"href":"https:\/\/archive.sana.sy\/es\/index.php?rest_route=\/wp\/v2\/posts"}],"about":[{"href":"https:\/\/archive.sana.sy\/es\/index.php?rest_route=\/wp\/v2\/types\/post"}],"author":[{"embeddable":true,"href":"https:\/\/archive.sana.sy\/es\/index.php?rest_route=\/wp\/v2\/users\/1"}],"replies":[{"embeddable":true,"href":"https:\/\/archive.sana.sy\/es\/index.php?rest_route=%2Fwp%2Fv2%2Fcomments&post=28387"}],"version-history":[{"count":0,"href":"https:\/\/archive.sana.sy\/es\/index.php?rest_route=\/wp\/v2\/posts\/28387\/revisions"}],"wp:featuredmedia":[{"embeddable":true,"href":"https:\/\/archive.sana.sy\/es\/index.php?rest_route=\/wp\/v2\/media\/28388"}],"wp:attachment":[{"href":"https:\/\/archive.sana.sy\/es\/index.php?rest_route=%2Fwp%2Fv2%2Fmedia&parent=28387"}],"wp:term":[{"taxonomy":"category","embeddable":true,"href":"https:\/\/archive.sana.sy\/es\/index.php?rest_route=%2Fwp%2Fv2%2Fcategories&post=28387"},{"taxonomy":"post_tag","embeddable":true,"href":"https:\/\/archive.sana.sy\/es\/index.php?rest_route=%2Fwp%2Fv2%2Ftags&post=28387"}],"curies":[{"name":"wp","href":"https:\/\/api.w.org\/{rel}","templated":true}]}}