{"id":283885,"date":"2023-01-22T11:22:18","date_gmt":"2023-01-22T09:22:18","guid":{"rendered":"http:\/\/107.6.182.27\/es\/?p=283885"},"modified":"2023-01-22T17:28:07","modified_gmt":"2023-01-22T15:28:07","slug":"politico-frances-rt-france-fue-el-unico-medio-que-cubrio-con-objetividad-las-protestas-en-el-pais","status":"publish","type":"post","link":"https:\/\/archive.sana.sy\/es\/?p=283885","title":{"rendered":"Pol\u00edtico franc\u00e9s: RT France fue el &#8220;\u00fanico&#8221; medio que &#8220;cubri\u00f3 con objetividad&#8221; las protestas en el pa\u00eds"},"content":{"rendered":"<p style=\"text-align: justify;\"><span style=\"color: #800000;\"><strong>Paris, 22 ene (SANA)\u00a0<\/strong><\/span> \u00a0El l\u00edder del partido pol\u00edtico franc\u00e9s de derecha &#8216;Les Patriotes&#8217;, Florian Philippot, declar\u00f3 que el canal RT France fue el \u00fanico medio de comunicaci\u00f3n que cubri\u00f3 las protestas en el pa\u00eds de forma objetiva.<\/p>\n<p style=\"text-align: justify;\">&#8220;RT France fue la \u00fanica cadena de televisi\u00f3n que cubri\u00f3 con coherencia y objetividad las manifestaciones de los &#8216;chalecos amarillos&#8217; y, posteriormente, las de anti-Pass contra los pases sanitarios impuestos durante los brotes de covid-19, tuite\u00f3 el pol\u00edtico citado por RT.<\/p>\n<p style=\"text-align: justify;\">Agreg\u00f3 que todos los dem\u00e1s medios boicotearon o se ci\u00f1eron a los argumentos del Gobierno. \u00a1Y luego dar\u00e1n lecciones de &#8216;democracia'&#8221;.<\/p>\n<p style=\"text-align: justify;\">La redactora jefa de RT France, Ksenia Fi\u00f3dorova, manifest\u00f3 que el medio se cerrar\u00eda si no se liberan los fondos.<\/p>\n<p style=\"text-align: justify;\">&#8220;Tratamos de conseguir el desbloqueo de las cuentas. Si no se logra tan pronto como sea posible, nuestro medio ser\u00e1 liquidado en conformidad con la legislaci\u00f3n francesa por la ausencia de fondos&#8221;, explic\u00f3 directiva en su cuenta de Telegram.<\/p>\n<p style=\"text-align: justify;\">fm\/rr<\/p>\n","protected":false},"excerpt":{"rendered":"<p>Paris, 22 ene (SANA)\u00a0 \u00a0El l\u00edder del partido pol\u00edtico franc\u00e9s de derecha &#8216;Les Patriotes&#8217;, Florian Philippot, declar\u00f3 que el canal RT France fue el \u00fanico medio de comunicaci\u00f3n que cubri\u00f3 las protestas en el pa\u00eds de forma objetiva. &#8220;RT France fue la \u00fanica cadena de televisi\u00f3n que cubri\u00f3 con coherencia y objetividad las manifestaciones de &hellip;<\/p>\n","protected":false},"author":31,"featured_media":283886,"comment_status":"closed","ping_status":"closed","sticky":false,"template":"","format":"standard","meta":{"footnotes":""},"categories":[597,456,16687,7541],"tags":[],"class_list":["post-283885","post","type-post","status-publish","format-standard","has-post-thumbnail","","category-cinta-de-noticias","category-arabe-internacional-politica","category-internacionales","category-ultimas-noticias"],"_links":{"self":[{"href":"https:\/\/archive.sana.sy\/es\/index.php?rest_route=\/wp\/v2\/posts\/283885"}],"collection":[{"href":"https:\/\/archive.sana.sy\/es\/index.php?rest_route=\/wp\/v2\/posts"}],"about":[{"href":"https:\/\/archive.sana.sy\/es\/index.php?rest_route=\/wp\/v2\/types\/post"}],"author":[{"embeddable":true,"href":"https:\/\/archive.sana.sy\/es\/index.php?rest_route=\/wp\/v2\/users\/31"}],"replies":[{"embeddable":true,"href":"https:\/\/archive.sana.sy\/es\/index.php?rest_route=%2Fwp%2Fv2%2Fcomments&post=283885"}],"version-history":[{"count":0,"href":"https:\/\/archive.sana.sy\/es\/index.php?rest_route=\/wp\/v2\/posts\/283885\/revisions"}],"wp:featuredmedia":[{"embeddable":true,"href":"https:\/\/archive.sana.sy\/es\/index.php?rest_route=\/wp\/v2\/media\/283886"}],"wp:attachment":[{"href":"https:\/\/archive.sana.sy\/es\/index.php?rest_route=%2Fwp%2Fv2%2Fmedia&parent=283885"}],"wp:term":[{"taxonomy":"category","embeddable":true,"href":"https:\/\/archive.sana.sy\/es\/index.php?rest_route=%2Fwp%2Fv2%2Fcategories&post=283885"},{"taxonomy":"post_tag","embeddable":true,"href":"https:\/\/archive.sana.sy\/es\/index.php?rest_route=%2Fwp%2Fv2%2Ftags&post=283885"}],"curies":[{"name":"wp","href":"https:\/\/api.w.org\/{rel}","templated":true}]}}