{"id":283888,"date":"2023-01-22T18:33:47","date_gmt":"2023-01-22T16:33:47","guid":{"rendered":"http:\/\/107.6.182.27\/es\/?p=283888"},"modified":"2023-01-22T19:01:27","modified_gmt":"2023-01-22T17:01:27","slug":"las-protestas-en-peru-no-paran","status":"publish","type":"post","link":"https:\/\/archive.sana.sy\/es\/?p=283888","title":{"rendered":"Las protestas en Per\u00fa no paran"},"content":{"rendered":"<blockquote>\n<p style=\"text-align: justify;\"><strong>Este s\u00e1bado, los manifestantes salieron a las calles de la capital para insistir en que los estudiantes no son terroristas.<\/strong><\/p>\n<\/blockquote>\n<p style=\"text-align: justify;\"><span style=\"color: #800000;\"><strong>Lima, 22 ene (SANA)\u00a0<\/strong><\/span> \u00a0Las protestas en Per\u00fa contra el Gobierno de Dina Boluarte contin\u00faan, y las calles de Lima siguen siendo escenario de la expresi\u00f3n del descontento popular.<\/p>\n<p style=\"text-align: justify;\">Este s\u00e1bado, los manifestantes salieron a las calles de la capital para insistir en que los estudiantes no son terroristas.<\/p>\n<p style=\"text-align: justify;\">Seg\u00fan reportes de RT, unidades de la Polic\u00eda Nacional de Per\u00fa (PNP) entraron en las instalaciones de la Universidad Nacional Mayor de San Marcos (UNMSM) de Lima para desalojar a los manifestantes que se hallaban en el campus desde hace d\u00edas para respaldar las protestas contra el Gobierno de Boluarte.<\/p>\n<p style=\"text-align: justify;\">A su vez, el secretario general de la Federaci\u00f3n de Trabajadores en Construcci\u00f3n Civil del Per\u00fa (FTCCP), Luis Villanueva Carbajal, anunci\u00f3 que no van a cesar las movilizaciones que exigen la renuncia de la presidenta Dina Boluarte y elecciones generales inmediatas.<\/p>\n<p style=\"text-align: justify;\">&#8220;Lo que se tiene que hacer es lograr una renuncia de la se\u00f1ora Dina Boluarte y en el Congreso se tiene que elegir una nueva mesa directiva de consenso&#8221;, dijo Villanueva.<\/p>\n<p style=\"text-align: justify;\">fm\/rr<\/p>\n","protected":false},"excerpt":{"rendered":"<p>Este s\u00e1bado, los manifestantes salieron a las calles de la capital para insistir en que los estudiantes no son terroristas. Lima, 22 ene (SANA)\u00a0 \u00a0Las protestas en Per\u00fa contra el Gobierno de Dina Boluarte contin\u00faan, y las calles de Lima siguen siendo escenario de la expresi\u00f3n del descontento popular. Este s\u00e1bado, los manifestantes salieron a &hellip;<\/p>\n","protected":false},"author":31,"featured_media":283889,"comment_status":"closed","ping_status":"closed","sticky":false,"template":"","format":"standard","meta":{"footnotes":""},"categories":[456,16687,20724],"tags":[],"class_list":["post-283888","post","type-post","status-publish","format-standard","has-post-thumbnail","","category-arabe-internacional-politica","category-internacionales","category-minuto-a-minuto"],"_links":{"self":[{"href":"https:\/\/archive.sana.sy\/es\/index.php?rest_route=\/wp\/v2\/posts\/283888"}],"collection":[{"href":"https:\/\/archive.sana.sy\/es\/index.php?rest_route=\/wp\/v2\/posts"}],"about":[{"href":"https:\/\/archive.sana.sy\/es\/index.php?rest_route=\/wp\/v2\/types\/post"}],"author":[{"embeddable":true,"href":"https:\/\/archive.sana.sy\/es\/index.php?rest_route=\/wp\/v2\/users\/31"}],"replies":[{"embeddable":true,"href":"https:\/\/archive.sana.sy\/es\/index.php?rest_route=%2Fwp%2Fv2%2Fcomments&post=283888"}],"version-history":[{"count":0,"href":"https:\/\/archive.sana.sy\/es\/index.php?rest_route=\/wp\/v2\/posts\/283888\/revisions"}],"wp:featuredmedia":[{"embeddable":true,"href":"https:\/\/archive.sana.sy\/es\/index.php?rest_route=\/wp\/v2\/media\/283889"}],"wp:attachment":[{"href":"https:\/\/archive.sana.sy\/es\/index.php?rest_route=%2Fwp%2Fv2%2Fmedia&parent=283888"}],"wp:term":[{"taxonomy":"category","embeddable":true,"href":"https:\/\/archive.sana.sy\/es\/index.php?rest_route=%2Fwp%2Fv2%2Fcategories&post=283888"},{"taxonomy":"post_tag","embeddable":true,"href":"https:\/\/archive.sana.sy\/es\/index.php?rest_route=%2Fwp%2Fv2%2Ftags&post=283888"}],"curies":[{"name":"wp","href":"https:\/\/api.w.org\/{rel}","templated":true}]}}