{"id":28391,"date":"2015-08-15T21:31:59","date_gmt":"2015-08-15T18:31:59","guid":{"rendered":"http:\/\/sana.sy\/es\/?p=28391"},"modified":"2015-08-15T21:31:59","modified_gmt":"2015-08-15T18:31:59","slug":"cancilleres-ruso-e-irani-abordaran-la-crisis-siria-el-lunes","status":"publish","type":"post","link":"https:\/\/archive.sana.sy\/es\/?p=28391","title":{"rendered":"Cancilleres ruso e iran\u00ed abordar\u00e1n la crisis siria el lunes"},"content":{"rendered":"<p><span style=\"color: #800000\">Mosc\u00fa-SANA<\/span><\/p>\n<p style=\"text-align: justify\">El ministro de Exteriores de Rusia, Sergu\u00e9i Lavrov, mantendr\u00e1 el 17 de agosto negociaciones con su hom\u00f3logo iran\u00ed, Mohamad Yavad Zarif.<\/p>\n<p style=\"text-align: justify\">Mosc\u00fa acoger\u00e1 el lunes las negociaciones entre Lavrov y Zarif&#8221;, donde analizar\u00e1n el futuro desarrollo de las relaciones bilaterales e intercambiar\u00e1n opiniones respecto a los problemas mundiales y regionales, entre ellos el \u201cla crisis en Siria\u201d, se\u00f1ala el canal televiso Rusia Hoy.<\/p>\n<p>M.Miri<\/p>\n","protected":false},"excerpt":{"rendered":"<p>Mosc\u00fa-SANA El ministro de Exteriores de Rusia, Sergu\u00e9i Lavrov, mantendr\u00e1 el 17 de agosto negociaciones con su hom\u00f3logo iran\u00ed, Mohamad Yavad Zarif. Mosc\u00fa acoger\u00e1 el lunes las negociaciones entre Lavrov y Zarif&#8221;, donde analizar\u00e1n el futuro desarrollo de las relaciones bilaterales e intercambiar\u00e1n opiniones respecto a los problemas mundiales y regionales, entre ellos el \u201cla &hellip;<\/p>\n","protected":false},"author":1,"featured_media":28392,"comment_status":"closed","ping_status":"closed","sticky":false,"template":"","format":"standard","meta":{"footnotes":""},"categories":[457,576],"tags":[6319],"class_list":["post-28391","post","type-post","status-publish","format-standard","has-post-thumbnail","","category-noticias-arabe-internacional-politica","category-noticias-politicas","tag-cancilleres-ruso-e-irani-abordaran-la-crisis-siria-el-lunes"],"_links":{"self":[{"href":"https:\/\/archive.sana.sy\/es\/index.php?rest_route=\/wp\/v2\/posts\/28391"}],"collection":[{"href":"https:\/\/archive.sana.sy\/es\/index.php?rest_route=\/wp\/v2\/posts"}],"about":[{"href":"https:\/\/archive.sana.sy\/es\/index.php?rest_route=\/wp\/v2\/types\/post"}],"author":[{"embeddable":true,"href":"https:\/\/archive.sana.sy\/es\/index.php?rest_route=\/wp\/v2\/users\/1"}],"replies":[{"embeddable":true,"href":"https:\/\/archive.sana.sy\/es\/index.php?rest_route=%2Fwp%2Fv2%2Fcomments&post=28391"}],"version-history":[{"count":0,"href":"https:\/\/archive.sana.sy\/es\/index.php?rest_route=\/wp\/v2\/posts\/28391\/revisions"}],"wp:featuredmedia":[{"embeddable":true,"href":"https:\/\/archive.sana.sy\/es\/index.php?rest_route=\/wp\/v2\/media\/28392"}],"wp:attachment":[{"href":"https:\/\/archive.sana.sy\/es\/index.php?rest_route=%2Fwp%2Fv2%2Fmedia&parent=28391"}],"wp:term":[{"taxonomy":"category","embeddable":true,"href":"https:\/\/archive.sana.sy\/es\/index.php?rest_route=%2Fwp%2Fv2%2Fcategories&post=28391"},{"taxonomy":"post_tag","embeddable":true,"href":"https:\/\/archive.sana.sy\/es\/index.php?rest_route=%2Fwp%2Fv2%2Ftags&post=28391"}],"curies":[{"name":"wp","href":"https:\/\/api.w.org\/{rel}","templated":true}]}}