{"id":283920,"date":"2023-01-23T04:42:20","date_gmt":"2023-01-23T02:42:20","guid":{"rendered":"http:\/\/107.6.182.27\/es\/?p=283920"},"modified":"2023-01-23T04:42:20","modified_gmt":"2023-01-23T02:42:20","slug":"firman-contratos-de-exportacion-en-clausura-de-la-feria-hecho-en-siria-para-productos-textiles-y-de-ropa","status":"publish","type":"post","link":"https:\/\/archive.sana.sy\/es\/?p=283920","title":{"rendered":"Firman contratos de exportaci\u00f3n en clausura de la feria Hecho en Siria para productos textiles y de ropa"},"content":{"rendered":"<p style=\"text-align: justify;\"><span style=\"color: #800000;\"><strong>Damasco, 23 ene (SANA)<\/strong> <\/span>La feria Hecho en Siria, especializada en prendas de vestir y productos textiles para la exportaci\u00f3n, clausur\u00f3 hoy tras lograr el objetivo previsto, afirm\u00f3 Ragheed Al-Halabi, jefe de la Asociaci\u00f3n de Exportadores de Ropa y Textiles de Siria.<\/p>\n<p style=\"text-align: justify;\">El evento fue organizado por la Federaci\u00f3n de C\u00e1maras de Industria y Comercio de Siria y la Asociaci\u00f3n de Exportadores de Ropa y Textiles de Siria.<\/p>\n<p style=\"text-align: justify;\"><img loading=\"lazy\" decoding=\"async\" class=\"size-medium wp-image-283922 alignleft\" src=\"http:\/\/107.6.182.27\/es\/wp-content\/uploads\/2023\/01\/8887899996-300x168.jpg\" alt=\"\" width=\"300\" height=\"168\" srcset=\"https:\/\/archive.sana.sy\/es\/wp-content\/uploads\/2023\/01\/8887899996-300x168.jpg 300w, https:\/\/archive.sana.sy\/es\/wp-content\/uploads\/2023\/01\/8887899996-150x84.jpg 150w, https:\/\/archive.sana.sy\/es\/wp-content\/uploads\/2023\/01\/8887899996.jpg 660w\" sizes=\"(max-width: 300px) 100vw, 300px\" \/>Seg\u00fan al-Halabi, la feria fue buena y logr\u00f3 el objetivo deseado, y los industriales participantes pudieron firmar contratos para exportar ropa, o llegar a acuerdos o entendimientos con empresarios que visitaron la exposici\u00f3n, procedentes de varios pa\u00edses \u00e1rabes, especialmente Iraq, del cual asistieron 500 empresarios.<\/p>\n<p style=\"text-align: justify;\">Explic\u00f3 que la mayor\u00eda de los contratos y acuerdos de exportaci\u00f3n estaban dirigidos principalmente al mercado iraqu\u00ed, y luego al libio y el kuwait\u00ed, y fueron principalmente ropas para ni\u00f1os y ni\u00f1as debido a la proximidad del mes sagrado del Ramad\u00e1n.<\/p>\n<p style=\"text-align: justify;\">fm<\/p>\n","protected":false},"excerpt":{"rendered":"<p>Damasco, 23 ene (SANA) La feria Hecho en Siria, especializada en prendas de vestir y productos textiles para la exportaci\u00f3n, clausur\u00f3 hoy tras lograr el objetivo previsto, afirm\u00f3 Ragheed Al-Halabi, jefe de la Asociaci\u00f3n de Exportadores de Ropa y Textiles de Siria. El evento fue organizado por la Federaci\u00f3n de C\u00e1maras de Industria y Comercio &hellip;<\/p>\n","protected":false},"author":34,"featured_media":283921,"comment_status":"closed","ping_status":"closed","sticky":false,"template":"","format":"standard","meta":{"footnotes":""},"categories":[477,447,597,16686,483,485,20724,476,7541],"tags":[],"class_list":["post-283920","post","type-post","status-publish","format-standard","has-post-thumbnail","","category-noticias-edulcorantes","category-local-politica","category-cinta-de-noticias","category-economia","category-negocios-y-finanzas","category-informes-negocios-y-finanzas","category-minuto-a-minuto","category-locales","category-ultimas-noticias"],"_links":{"self":[{"href":"https:\/\/archive.sana.sy\/es\/index.php?rest_route=\/wp\/v2\/posts\/283920"}],"collection":[{"href":"https:\/\/archive.sana.sy\/es\/index.php?rest_route=\/wp\/v2\/posts"}],"about":[{"href":"https:\/\/archive.sana.sy\/es\/index.php?rest_route=\/wp\/v2\/types\/post"}],"author":[{"embeddable":true,"href":"https:\/\/archive.sana.sy\/es\/index.php?rest_route=\/wp\/v2\/users\/34"}],"replies":[{"embeddable":true,"href":"https:\/\/archive.sana.sy\/es\/index.php?rest_route=%2Fwp%2Fv2%2Fcomments&post=283920"}],"version-history":[{"count":0,"href":"https:\/\/archive.sana.sy\/es\/index.php?rest_route=\/wp\/v2\/posts\/283920\/revisions"}],"wp:featuredmedia":[{"embeddable":true,"href":"https:\/\/archive.sana.sy\/es\/index.php?rest_route=\/wp\/v2\/media\/283921"}],"wp:attachment":[{"href":"https:\/\/archive.sana.sy\/es\/index.php?rest_route=%2Fwp%2Fv2%2Fmedia&parent=283920"}],"wp:term":[{"taxonomy":"category","embeddable":true,"href":"https:\/\/archive.sana.sy\/es\/index.php?rest_route=%2Fwp%2Fv2%2Fcategories&post=283920"},{"taxonomy":"post_tag","embeddable":true,"href":"https:\/\/archive.sana.sy\/es\/index.php?rest_route=%2Fwp%2Fv2%2Ftags&post=283920"}],"curies":[{"name":"wp","href":"https:\/\/api.w.org\/{rel}","templated":true}]}}