{"id":283968,"date":"2023-01-23T13:47:18","date_gmt":"2023-01-23T11:47:18","guid":{"rendered":"http:\/\/107.6.182.27\/es\/?p=283968"},"modified":"2023-01-23T20:27:00","modified_gmt":"2023-01-23T18:27:00","slug":"ministro-de-defensa-de-siria-inicia-visita-oficial-a-iran-y-los-dos-paises-ratifican-alianza-estrategica","status":"publish","type":"post","link":"https:\/\/archive.sana.sy\/es\/?p=283968","title":{"rendered":"Ministro de Defensa de Siria inicia visita oficial a Ir\u00e1n, y los dos pa\u00edses ratifican alianza estrat\u00e9gica"},"content":{"rendered":"<blockquote>\n<p style=\"text-align: justify;\"><strong>\u00a0El ministro agradeci\u00f3 la Rep\u00fablica Isl\u00e1mica de Ir\u00e1n por su apoyo a Siria en su lucha contra el terrorismo y subray\u00f3 la importancia de continuar la cooperaci\u00f3n, la consulta y la coordinaci\u00f3n conjunta.<\/strong><\/p>\n<\/blockquote>\n<p style=\"text-align: justify;\"><span style=\"color: #800000;\"><strong>Teher\u00e1n, 23 ene (SANA)\u00a0<\/strong><\/span> \u00a0 \u00a0El ministro de Defensa sirio, el teniente general Ali Mahmoud Abbas, repas\u00f3 hoy en Teher\u00e1n con el Jefe del Estado Mayor General de las Fuerzas Armadas de Ir\u00e1n, el mayor general Muhammad Bagheri, las relaciones bilaterales y la cooperaci\u00f3n conjunta, por el bien de los intereses de los dos pueblos amigos.<\/p>\n<p style=\"text-align: justify;\">Abbas destac\u00f3 que la estrecha cooperaci\u00f3n tuvo resultados fruct\u00edferos en la derrota del terrorismo y los planes hostiles, y asegur\u00f3 que la victoria lograda sobre el terrorismo es una victoria conjunta, ya que los sacrificios fueron de ambas partes en suelo sirio.<\/p>\n<p style=\"text-align: justify;\">El ministro agradeci\u00f3 la Rep\u00fablica Isl\u00e1mica de Ir\u00e1n por su apoyo a Siria en su lucha contra el terrorismo y subray\u00f3 la importancia de continuar la cooperaci\u00f3n, la consulta y la coordinaci\u00f3n conjunta.<img loading=\"lazy\" decoding=\"async\" class=\" wp-image-283971 alignleft\" src=\"http:\/\/107.6.182.27\/es\/wp-content\/uploads\/2023\/01\/15-14-300x200-1.jpg\" alt=\"\" width=\"321\" height=\"214\" srcset=\"https:\/\/archive.sana.sy\/es\/wp-content\/uploads\/2023\/01\/15-14-300x200-1.jpg 300w, https:\/\/archive.sana.sy\/es\/wp-content\/uploads\/2023\/01\/15-14-300x200-1-150x100.jpg 150w\" sizes=\"(max-width: 321px) 100vw, 321px\" \/><\/p>\n<p style=\"text-align: justify;\">Por su parte, Bagheri calific\u00f3 de profundas las relaciones sirio-iran\u00edes y dijo: &#8220;Siria, con su firme liderazgo, pueblo y ej\u00e9rcito, frustr\u00f3 los complots, derrot\u00f3 al terrorismo y preserv\u00f3 su independencia y soberan\u00eda nacional&#8221;.<\/p>\n<p style=\"text-align: justify;\">Subray\u00f3 la importancia de la visita realizada por el general Abbas a Teher\u00e1n para mejorar la coordinaci\u00f3n y la consulta entre los dos pa\u00edses, y destac\u00f3 el continuo apoyo de Ir\u00e1n a Siria en varios campos.<\/p>\n<p style=\"text-align: justify;\">El general Abbas lleg\u00f3 este lunes a la capital iran\u00ed, Teher\u00e1n, al frente de una delegaci\u00f3n oficial para reunirse con varios funcionarios iran\u00edes e intercambiar puntos de vista sobre temas de inter\u00e9s com\u00fan.<\/p>\n<p style=\"text-align: justify;\">fm\/ed<\/p>\n","protected":false},"excerpt":{"rendered":"<p>\u00a0El ministro agradeci\u00f3 la Rep\u00fablica Isl\u00e1mica de Ir\u00e1n por su apoyo a Siria en su lucha contra el terrorismo y subray\u00f3 la importancia de continuar la cooperaci\u00f3n, la consulta y la coordinaci\u00f3n conjunta. Teher\u00e1n, 23 ene (SANA)\u00a0 \u00a0 \u00a0El ministro de Defensa sirio, el teniente general Ali Mahmoud Abbas, repas\u00f3 hoy en Teher\u00e1n con el &hellip;<\/p>\n","protected":false},"author":32,"featured_media":284057,"comment_status":"closed","ping_status":"closed","sticky":false,"template":"","format":"standard","meta":{"footnotes":""},"categories":[597,20724,467,583],"tags":[21743,19966],"class_list":["post-283968","post","type-post","status-publish","format-standard","has-post-thumbnail","","category-cinta-de-noticias","category-minuto-a-minuto","category-siria-y-el-mundo","category-slide","tag-bagheri","tag-teheran"],"_links":{"self":[{"href":"https:\/\/archive.sana.sy\/es\/index.php?rest_route=\/wp\/v2\/posts\/283968"}],"collection":[{"href":"https:\/\/archive.sana.sy\/es\/index.php?rest_route=\/wp\/v2\/posts"}],"about":[{"href":"https:\/\/archive.sana.sy\/es\/index.php?rest_route=\/wp\/v2\/types\/post"}],"author":[{"embeddable":true,"href":"https:\/\/archive.sana.sy\/es\/index.php?rest_route=\/wp\/v2\/users\/32"}],"replies":[{"embeddable":true,"href":"https:\/\/archive.sana.sy\/es\/index.php?rest_route=%2Fwp%2Fv2%2Fcomments&post=283968"}],"version-history":[{"count":0,"href":"https:\/\/archive.sana.sy\/es\/index.php?rest_route=\/wp\/v2\/posts\/283968\/revisions"}],"wp:featuredmedia":[{"embeddable":true,"href":"https:\/\/archive.sana.sy\/es\/index.php?rest_route=\/wp\/v2\/media\/284057"}],"wp:attachment":[{"href":"https:\/\/archive.sana.sy\/es\/index.php?rest_route=%2Fwp%2Fv2%2Fmedia&parent=283968"}],"wp:term":[{"taxonomy":"category","embeddable":true,"href":"https:\/\/archive.sana.sy\/es\/index.php?rest_route=%2Fwp%2Fv2%2Fcategories&post=283968"},{"taxonomy":"post_tag","embeddable":true,"href":"https:\/\/archive.sana.sy\/es\/index.php?rest_route=%2Fwp%2Fv2%2Ftags&post=283968"}],"curies":[{"name":"wp","href":"https:\/\/api.w.org\/{rel}","templated":true}]}}