{"id":283974,"date":"2023-01-23T13:55:13","date_gmt":"2023-01-23T11:55:13","guid":{"rendered":"http:\/\/107.6.182.27\/es\/?p=283974"},"modified":"2023-01-23T13:55:13","modified_gmt":"2023-01-23T11:55:13","slug":"fuerzas-de-seguridad-rusas-impiden-un-atentado-terrorista-planeado-por-los-servicios-de-seguridad-de-kiev","status":"publish","type":"post","link":"https:\/\/archive.sana.sy\/es\/?p=283974","title":{"rendered":"Fuerzas de seguridad rusas impiden un atentado terrorista planeado por los servicios de seguridad de Kiev"},"content":{"rendered":"<blockquote>\n<p style=\"text-align: justify;\"><span style=\"color: #ff0000;\"><strong>Yo era un agente de los servicios de seguridad ucranianos y operaba bajo sus \u00f3rdenes con el seud\u00f3nimo de &#8216;Alejandro&#8217;, mi misi\u00f3n fue cometer un acto de terrorismo contra agentes de polic\u00eda en el distrito federal del C\u00e1ucaso Norte. Me arrepiento y admito mi culpa, declar\u00f3 el saboteador.<\/strong><\/span><\/p>\n<\/blockquote>\n<p style=\"text-align: justify;\"><span style=\"color: #800000;\"><strong>Mosc\u00fa, 23 ene (SANA)\u00a0<\/strong><\/span> \u00a0El Servicio Federal de Seguridad de Rusia (FSB) anunci\u00f3 que frustr\u00f3 un ataque terrorista en el C\u00e1ucaso Norte y recal\u00f3 que el sospechoso recib\u00eda \u00f3rdenes de los servicios de seguridad de Kiev.<\/p>\n<p>El detenido confes\u00f3 que estaba preparando un atentado contra polic\u00edas, y los agentes de seguridad rusos incautaron medios de terror listos para ser utilizados.<\/p>\n<p>Yo era un agente de los servicios de seguridad ucranianos y operaba bajo sus \u00f3rdenes con el seud\u00f3nimo de &#8216;Alejandro&#8217;, mi misi\u00f3n fue cometer un acto de terrorismo contra agentes de polic\u00eda en el distrito federal del C\u00e1ucaso Norte. Me arrepiento y admito mi culpa, declar\u00f3 el saboteador.<\/p>\n<p>Se abri\u00f3 un caso penal por preparaci\u00f3n de un acto terrorista.<\/p>\n<p style=\"text-align: justify;\"><em><strong>ws\/fm<\/strong><\/em><\/p>\n","protected":false},"excerpt":{"rendered":"<p>Yo era un agente de los servicios de seguridad ucranianos y operaba bajo sus \u00f3rdenes con el seud\u00f3nimo de &#8216;Alejandro&#8217;, mi misi\u00f3n fue cometer un acto de terrorismo contra agentes de polic\u00eda en el distrito federal del C\u00e1ucaso Norte. Me arrepiento y admito mi culpa, declar\u00f3 el saboteador. Mosc\u00fa, 23 ene (SANA)\u00a0 \u00a0El Servicio Federal &hellip;<\/p>\n","protected":false},"author":32,"featured_media":283975,"comment_status":"closed","ping_status":"closed","sticky":false,"template":"","format":"standard","meta":{"footnotes":""},"categories":[597,456,16687,20724,7541],"tags":[],"class_list":["post-283974","post","type-post","status-publish","format-standard","has-post-thumbnail","","category-cinta-de-noticias","category-arabe-internacional-politica","category-internacionales","category-minuto-a-minuto","category-ultimas-noticias"],"_links":{"self":[{"href":"https:\/\/archive.sana.sy\/es\/index.php?rest_route=\/wp\/v2\/posts\/283974"}],"collection":[{"href":"https:\/\/archive.sana.sy\/es\/index.php?rest_route=\/wp\/v2\/posts"}],"about":[{"href":"https:\/\/archive.sana.sy\/es\/index.php?rest_route=\/wp\/v2\/types\/post"}],"author":[{"embeddable":true,"href":"https:\/\/archive.sana.sy\/es\/index.php?rest_route=\/wp\/v2\/users\/32"}],"replies":[{"embeddable":true,"href":"https:\/\/archive.sana.sy\/es\/index.php?rest_route=%2Fwp%2Fv2%2Fcomments&post=283974"}],"version-history":[{"count":0,"href":"https:\/\/archive.sana.sy\/es\/index.php?rest_route=\/wp\/v2\/posts\/283974\/revisions"}],"wp:featuredmedia":[{"embeddable":true,"href":"https:\/\/archive.sana.sy\/es\/index.php?rest_route=\/wp\/v2\/media\/283975"}],"wp:attachment":[{"href":"https:\/\/archive.sana.sy\/es\/index.php?rest_route=%2Fwp%2Fv2%2Fmedia&parent=283974"}],"wp:term":[{"taxonomy":"category","embeddable":true,"href":"https:\/\/archive.sana.sy\/es\/index.php?rest_route=%2Fwp%2Fv2%2Fcategories&post=283974"},{"taxonomy":"post_tag","embeddable":true,"href":"https:\/\/archive.sana.sy\/es\/index.php?rest_route=%2Fwp%2Fv2%2Ftags&post=283974"}],"curies":[{"name":"wp","href":"https:\/\/api.w.org\/{rel}","templated":true}]}}