{"id":283977,"date":"2023-01-23T14:01:08","date_gmt":"2023-01-23T12:01:08","guid":{"rendered":"http:\/\/107.6.182.27\/es\/?p=283977"},"modified":"2023-01-23T14:04:21","modified_gmt":"2023-01-23T12:04:21","slug":"donetsk-las-fuerzas-rusas-liberan-dos-localidades-en-artyomovsk","status":"publish","type":"post","link":"https:\/\/archive.sana.sy\/es\/?p=283977","title":{"rendered":"Donetsk: las fuerzas rusas liberan dos localidades en Artyomovsk"},"content":{"rendered":"<blockquote>\n<p style=\"text-align: justify;\"><strong>\u00a0\u201cLas fuerzas armadas rusas liberaron las dos referidas ciudades ubicadas dentro del territorio de la Rep\u00fablica Popular de Donetsk\u201d, cit\u00f3 la agencia rusa \u201cSputnik\u201d a un comunicado emitido por el cuartel general.<\/strong><\/p>\n<\/blockquote>\n<p style=\"text-align: justify;\"><span style=\"color: #800000;\">Mosc\u00fa, 23 ene (SANA)<\/span>\u00a0 \u00a0El Cuartel General de Defensa Regional de la Rep\u00fablica Popular de Donetsk anunci\u00f3 la liberaci\u00f3n de las localidades de Dvorechye y Krasnopolievka, ubicadas en las afueras de la regi\u00f3n de Artyomovsk.<\/p>\n<p style=\"text-align: justify;\">\u201cLas fuerzas armadas rusas liberaron las dos referidas ciudades ubicadas dentro del territorio de la Rep\u00fablica Popular de Donetsk\u201d, cit\u00f3 la agencia rusa \u201cSputnik\u201d a un comunicado emitido por el cuartel general.<\/p>\n<p style=\"text-align: justify;\">Anteriormente, el ej\u00e9rcito ruso hab\u00eda anunciado que hab\u00eda logrado avances en el frente de Zaporozhie.<\/p>\n<p style=\"text-align: justify;\">ed\/fm<\/p>\n","protected":false},"excerpt":{"rendered":"<p>\u00a0\u201cLas fuerzas armadas rusas liberaron las dos referidas ciudades ubicadas dentro del territorio de la Rep\u00fablica Popular de Donetsk\u201d, cit\u00f3 la agencia rusa \u201cSputnik\u201d a un comunicado emitido por el cuartel general. Mosc\u00fa, 23 ene (SANA)\u00a0 \u00a0El Cuartel General de Defensa Regional de la Rep\u00fablica Popular de Donetsk anunci\u00f3 la liberaci\u00f3n de las localidades de &hellip;<\/p>\n","protected":false},"author":32,"featured_media":283979,"comment_status":"closed","ping_status":"closed","sticky":false,"template":"","format":"standard","meta":{"footnotes":""},"categories":[597,456,16687,7541],"tags":[],"class_list":["post-283977","post","type-post","status-publish","format-standard","has-post-thumbnail","","category-cinta-de-noticias","category-arabe-internacional-politica","category-internacionales","category-ultimas-noticias"],"_links":{"self":[{"href":"https:\/\/archive.sana.sy\/es\/index.php?rest_route=\/wp\/v2\/posts\/283977"}],"collection":[{"href":"https:\/\/archive.sana.sy\/es\/index.php?rest_route=\/wp\/v2\/posts"}],"about":[{"href":"https:\/\/archive.sana.sy\/es\/index.php?rest_route=\/wp\/v2\/types\/post"}],"author":[{"embeddable":true,"href":"https:\/\/archive.sana.sy\/es\/index.php?rest_route=\/wp\/v2\/users\/32"}],"replies":[{"embeddable":true,"href":"https:\/\/archive.sana.sy\/es\/index.php?rest_route=%2Fwp%2Fv2%2Fcomments&post=283977"}],"version-history":[{"count":0,"href":"https:\/\/archive.sana.sy\/es\/index.php?rest_route=\/wp\/v2\/posts\/283977\/revisions"}],"wp:featuredmedia":[{"embeddable":true,"href":"https:\/\/archive.sana.sy\/es\/index.php?rest_route=\/wp\/v2\/media\/283979"}],"wp:attachment":[{"href":"https:\/\/archive.sana.sy\/es\/index.php?rest_route=%2Fwp%2Fv2%2Fmedia&parent=283977"}],"wp:term":[{"taxonomy":"category","embeddable":true,"href":"https:\/\/archive.sana.sy\/es\/index.php?rest_route=%2Fwp%2Fv2%2Fcategories&post=283977"},{"taxonomy":"post_tag","embeddable":true,"href":"https:\/\/archive.sana.sy\/es\/index.php?rest_route=%2Fwp%2Fv2%2Ftags&post=283977"}],"curies":[{"name":"wp","href":"https:\/\/api.w.org\/{rel}","templated":true}]}}