{"id":283981,"date":"2023-01-23T14:10:18","date_gmt":"2023-01-23T12:10:18","guid":{"rendered":"http:\/\/107.6.182.27\/es\/?p=283981"},"modified":"2023-01-23T14:10:18","modified_gmt":"2023-01-23T12:10:18","slug":"putin-considera-que-la-union-economica-euroasiatica-es-uno-de-los-polos-mas-fuertes-del-mundo-multipolar","status":"publish","type":"post","link":"https:\/\/archive.sana.sy\/es\/?p=283981","title":{"rendered":"Putin considera que la Uni\u00f3n Econ\u00f3mica Euroasi\u00e1tica es &#8220;uno de los polos m\u00e1s fuertes del mundo multipolar&#8221;"},"content":{"rendered":"<p><span style=\"color: #800000;\"><strong>Mosc\u00fa, 23 ene (SANA)\u00a0<\/strong><\/span> \u00a0 El presidente ruso Vlad\u00edmir Putin, dijo hoy que la Uni\u00f3n Econ\u00f3mica Euroasi\u00e1tica, de la que Rusia ha asumido la presidencia a partir del 1 de enero de 2023, tiene la capacidad de ser &#8220;uno de los polos m\u00e1s fuertes y autosuficientes del mundo multipolar&#8221;.<\/p>\n<p>&#8220;Es obvio que la Uni\u00f3n tiene todas las capacidades de convertirse en uno de los polos fuertes, independientes y autosuficientes del mundo multipolar, de ser un centro de atracci\u00f3n para todos los Estados independientes que comparten nuestros valores y buscan la cooperaci\u00f3n con la Uni\u00f3n Econ\u00f3mica Euroasi\u00e1tica&#8221;, declar\u00f3 el mandatario ruso citado por Sputnik.<\/p>\n<p>Seg\u00fan Putin, Mosc\u00fa &#8220;har\u00e1 todo lo posible para contribuir a profundizar la integraci\u00f3n en todos los \u00e1mbitos: pol\u00edtico, econ\u00f3mico, industrial, financiero y tecnol\u00f3gico&#8221;.<\/p>\n<p>Al mismo tiempo, el presidente ruso se\u00f1al\u00f3 que uno de los aspectos claves de la cooperaci\u00f3n es la formaci\u00f3n de personal cualificado y la creaci\u00f3n de nuevos puestos de trabajo&#8221;.<\/p>\n<p>&#8220;La ampliaci\u00f3n de la geograf\u00eda de los lazos y contactos internacionales de la Uni\u00f3n Econ\u00f3mica Euroasi\u00e1tica con Asia-Pac\u00edfico, Oriente Medio, \u00c1frica y Am\u00e9rica Latina ayudar\u00eda a aumentar las exportaciones de productos aliados y a construir nuevas cadenas de suministro. Nuestra asociaci\u00f3n podr\u00eda desempe\u00f1ar el papel de uno de los centros clave para la formaci\u00f3n de una gran asociaci\u00f3n euroasi\u00e1tica&#8221;, declar\u00f3.<\/p>\n<p>fm\/ed<\/p>\n","protected":false},"excerpt":{"rendered":"<p>Mosc\u00fa, 23 ene (SANA)\u00a0 \u00a0 El presidente ruso Vlad\u00edmir Putin, dijo hoy que la Uni\u00f3n Econ\u00f3mica Euroasi\u00e1tica, de la que Rusia ha asumido la presidencia a partir del 1 de enero de 2023, tiene la capacidad de ser &#8220;uno de los polos m\u00e1s fuertes y autosuficientes del mundo multipolar&#8221;. &#8220;Es obvio que la Uni\u00f3n tiene &hellip;<\/p>\n","protected":false},"author":32,"featured_media":283982,"comment_status":"closed","ping_status":"closed","sticky":false,"template":"","format":"standard","meta":{"footnotes":""},"categories":[597,456,16687,7541],"tags":[],"class_list":["post-283981","post","type-post","status-publish","format-standard","has-post-thumbnail","","category-cinta-de-noticias","category-arabe-internacional-politica","category-internacionales","category-ultimas-noticias"],"_links":{"self":[{"href":"https:\/\/archive.sana.sy\/es\/index.php?rest_route=\/wp\/v2\/posts\/283981"}],"collection":[{"href":"https:\/\/archive.sana.sy\/es\/index.php?rest_route=\/wp\/v2\/posts"}],"about":[{"href":"https:\/\/archive.sana.sy\/es\/index.php?rest_route=\/wp\/v2\/types\/post"}],"author":[{"embeddable":true,"href":"https:\/\/archive.sana.sy\/es\/index.php?rest_route=\/wp\/v2\/users\/32"}],"replies":[{"embeddable":true,"href":"https:\/\/archive.sana.sy\/es\/index.php?rest_route=%2Fwp%2Fv2%2Fcomments&post=283981"}],"version-history":[{"count":0,"href":"https:\/\/archive.sana.sy\/es\/index.php?rest_route=\/wp\/v2\/posts\/283981\/revisions"}],"wp:featuredmedia":[{"embeddable":true,"href":"https:\/\/archive.sana.sy\/es\/index.php?rest_route=\/wp\/v2\/media\/283982"}],"wp:attachment":[{"href":"https:\/\/archive.sana.sy\/es\/index.php?rest_route=%2Fwp%2Fv2%2Fmedia&parent=283981"}],"wp:term":[{"taxonomy":"category","embeddable":true,"href":"https:\/\/archive.sana.sy\/es\/index.php?rest_route=%2Fwp%2Fv2%2Fcategories&post=283981"},{"taxonomy":"post_tag","embeddable":true,"href":"https:\/\/archive.sana.sy\/es\/index.php?rest_route=%2Fwp%2Fv2%2Ftags&post=283981"}],"curies":[{"name":"wp","href":"https:\/\/api.w.org\/{rel}","templated":true}]}}