{"id":283984,"date":"2023-01-23T14:14:43","date_gmt":"2023-01-23T12:14:43","guid":{"rendered":"http:\/\/107.6.182.27\/es\/?p=283984"},"modified":"2023-01-23T14:14:43","modified_gmt":"2023-01-23T12:14:43","slug":"el-pueblo-ucraniano-pagara-el-seudoapoyo-de-occidente-en-forma-de-entrega-de-armas","status":"publish","type":"post","link":"https:\/\/archive.sana.sy\/es\/?p=283984","title":{"rendered":"El pueblo ucraniano pagar\u00e1 el seudoapoyo de Occidente en forma de entrega de armas"},"content":{"rendered":"<p style=\"text-align: justify;\"><span style=\"color: #800000;\"><strong>Mosc\u00fa, 23 ene (SANA)\u00a0<\/strong><\/span> El portavoz del Kremlin, Dmitri Peskov, dijo hoy\u00a0 que la naci\u00f3n ucraniana tendr\u00e1 que pagar por el seudoapoyo de Occidente en forma de entrega de armas.<\/p>\n<p style=\"text-align: justify;\">&#8220;Todos los pa\u00edses que participan directa o indirectamente en el bombeo de armas y en la elevaci\u00f3n del nivel tecnol\u00f3gico de Ucrania son responsables de una u otra forma&#8221;, indic\u00f3 Peskov citado por Sputnik.<\/p>\n<p style=\"text-align: justify;\">Agreg\u00f3 que &#8220;todas estas maniobras jur\u00eddicas que estamos presenciando ahora, y el intercambio de declaraciones entre las capitales europeas \u2014incluida Varsovia que ya amenaza a Berl\u00edn con el aislamiento internacional\u2014 todo esto, por supuesto, tambi\u00e9n demuestra que el nerviosismo entre los miembros de la alianza [OTAN] est\u00e1 aumentando constantemente&#8221;.<\/p>\n<p style=\"text-align: justify;\">fm\/ed<\/p>\n","protected":false},"excerpt":{"rendered":"<p>Mosc\u00fa, 23 ene (SANA)\u00a0 El portavoz del Kremlin, Dmitri Peskov, dijo hoy\u00a0 que la naci\u00f3n ucraniana tendr\u00e1 que pagar por el seudoapoyo de Occidente en forma de entrega de armas. &#8220;Todos los pa\u00edses que participan directa o indirectamente en el bombeo de armas y en la elevaci\u00f3n del nivel tecnol\u00f3gico de Ucrania son responsables de &hellip;<\/p>\n","protected":false},"author":32,"featured_media":283985,"comment_status":"closed","ping_status":"closed","sticky":false,"template":"","format":"standard","meta":{"footnotes":""},"categories":[597,456,16687,7541],"tags":[],"class_list":["post-283984","post","type-post","status-publish","format-standard","has-post-thumbnail","","category-cinta-de-noticias","category-arabe-internacional-politica","category-internacionales","category-ultimas-noticias"],"_links":{"self":[{"href":"https:\/\/archive.sana.sy\/es\/index.php?rest_route=\/wp\/v2\/posts\/283984"}],"collection":[{"href":"https:\/\/archive.sana.sy\/es\/index.php?rest_route=\/wp\/v2\/posts"}],"about":[{"href":"https:\/\/archive.sana.sy\/es\/index.php?rest_route=\/wp\/v2\/types\/post"}],"author":[{"embeddable":true,"href":"https:\/\/archive.sana.sy\/es\/index.php?rest_route=\/wp\/v2\/users\/32"}],"replies":[{"embeddable":true,"href":"https:\/\/archive.sana.sy\/es\/index.php?rest_route=%2Fwp%2Fv2%2Fcomments&post=283984"}],"version-history":[{"count":0,"href":"https:\/\/archive.sana.sy\/es\/index.php?rest_route=\/wp\/v2\/posts\/283984\/revisions"}],"wp:featuredmedia":[{"embeddable":true,"href":"https:\/\/archive.sana.sy\/es\/index.php?rest_route=\/wp\/v2\/media\/283985"}],"wp:attachment":[{"href":"https:\/\/archive.sana.sy\/es\/index.php?rest_route=%2Fwp%2Fv2%2Fmedia&parent=283984"}],"wp:term":[{"taxonomy":"category","embeddable":true,"href":"https:\/\/archive.sana.sy\/es\/index.php?rest_route=%2Fwp%2Fv2%2Fcategories&post=283984"},{"taxonomy":"post_tag","embeddable":true,"href":"https:\/\/archive.sana.sy\/es\/index.php?rest_route=%2Fwp%2Fv2%2Ftags&post=283984"}],"curies":[{"name":"wp","href":"https:\/\/api.w.org\/{rel}","templated":true}]}}