{"id":283987,"date":"2023-01-23T14:40:37","date_gmt":"2023-01-23T12:40:37","guid":{"rendered":"http:\/\/107.6.182.27\/es\/?p=283987"},"modified":"2023-01-23T14:40:52","modified_gmt":"2023-01-23T12:40:52","slug":"volodin-la-lucha-conjunta-contra-el-terrorismo-en-siria-contribuyo-a-mejorar-la-seguridad-en-la-region","status":"publish","type":"post","link":"https:\/\/archive.sana.sy\/es\/?p=283987","title":{"rendered":"Volodin: La lucha conjunta contra el terrorismo en Siria contribuy\u00f3 a mejorar la seguridad en la regi\u00f3n"},"content":{"rendered":"<blockquote>\n<p style=\"text-align: justify;\"><strong>\u201cWashington y sus aliados quieren frenar el desarrollo de nuestros pa\u00edses, intervenir en asuntos internos y difundir informaci\u00f3n falsa sobre Rusia e Ir\u00e1n\u201d<\/strong><\/p>\n<\/blockquote>\n<p style=\"text-align: justify;\"><span style=\"color: #800000;\"><strong>Teher\u00e1n, 23 ene (SANA)<\/strong><\/span> \u201cLa acci\u00f3n conjunta para combatir el terrorismo en Siria contribuy\u00f3 a fortalecer la seguridad en la regi\u00f3n en su conjunto\u201d, afirm\u00f3 el presidente de la Duma estatal rusa, Viacheslav Volodin.<\/p>\n<p style=\"text-align: justify;\">En una conferencia de prensa con el presidente del Consejo de la Shura iran\u00ed, Muhammad Baqer Qalibaf, en Teher\u00e1n, Volodin dijo que \u201cla lucha antiterrorista es solo una parte de los esfuerzos conjuntos de Rusia e Ir\u00e1n por un futuro pac\u00edfico\u201d, y agreg\u00f3 que \u201cRusia e Ir\u00e1n hoy est\u00e1n resistiendo con \u00e9xito la expansi\u00f3n mundial de los Estados Unidos y la OTAN\u201d.<\/p>\n<p style=\"text-align: justify;\">\u201cWashington y sus aliados quieren frenar el desarrollo de nuestros pa\u00edses, intervenir en asuntos internos y difundir informaci\u00f3n falsa sobre Rusia e Ir\u00e1n\u201d, dijo el alto parlamentario.<\/p>\n<p style=\"text-align: justify;\">Se\u00f1al\u00f3 que los intentos de desestabilizar la seguridad de Ir\u00e1n y Rusia est\u00e1n condenados al fracaso.<\/p>\n<p style=\"text-align: justify;\">Por su parte, el jefe del Consejo de la Shura iran\u00ed destac\u00f3 la necesidad de profundizar las relaciones y seguir una estrategia espec\u00edfica para la cooperaci\u00f3n con Rusia.<\/p>\n<p style=\"text-align: justify;\">fm\/ed<\/p>\n","protected":false},"excerpt":{"rendered":"<p>\u201cWashington y sus aliados quieren frenar el desarrollo de nuestros pa\u00edses, intervenir en asuntos internos y difundir informaci\u00f3n falsa sobre Rusia e Ir\u00e1n\u201d Teher\u00e1n, 23 ene (SANA) \u201cLa acci\u00f3n conjunta para combatir el terrorismo en Siria contribuy\u00f3 a fortalecer la seguridad en la regi\u00f3n en su conjunto\u201d, afirm\u00f3 el presidente de la Duma estatal rusa, &hellip;<\/p>\n","protected":false},"author":32,"featured_media":283988,"comment_status":"closed","ping_status":"closed","sticky":false,"template":"","format":"standard","meta":{"footnotes":""},"categories":[597,467,7541],"tags":[],"class_list":["post-283987","post","type-post","status-publish","format-standard","has-post-thumbnail","","category-cinta-de-noticias","category-siria-y-el-mundo","category-ultimas-noticias"],"_links":{"self":[{"href":"https:\/\/archive.sana.sy\/es\/index.php?rest_route=\/wp\/v2\/posts\/283987"}],"collection":[{"href":"https:\/\/archive.sana.sy\/es\/index.php?rest_route=\/wp\/v2\/posts"}],"about":[{"href":"https:\/\/archive.sana.sy\/es\/index.php?rest_route=\/wp\/v2\/types\/post"}],"author":[{"embeddable":true,"href":"https:\/\/archive.sana.sy\/es\/index.php?rest_route=\/wp\/v2\/users\/32"}],"replies":[{"embeddable":true,"href":"https:\/\/archive.sana.sy\/es\/index.php?rest_route=%2Fwp%2Fv2%2Fcomments&post=283987"}],"version-history":[{"count":0,"href":"https:\/\/archive.sana.sy\/es\/index.php?rest_route=\/wp\/v2\/posts\/283987\/revisions"}],"wp:featuredmedia":[{"embeddable":true,"href":"https:\/\/archive.sana.sy\/es\/index.php?rest_route=\/wp\/v2\/media\/283988"}],"wp:attachment":[{"href":"https:\/\/archive.sana.sy\/es\/index.php?rest_route=%2Fwp%2Fv2%2Fmedia&parent=283987"}],"wp:term":[{"taxonomy":"category","embeddable":true,"href":"https:\/\/archive.sana.sy\/es\/index.php?rest_route=%2Fwp%2Fv2%2Fcategories&post=283987"},{"taxonomy":"post_tag","embeddable":true,"href":"https:\/\/archive.sana.sy\/es\/index.php?rest_route=%2Fwp%2Fv2%2Ftags&post=283987"}],"curies":[{"name":"wp","href":"https:\/\/api.w.org\/{rel}","templated":true}]}}