{"id":283998,"date":"2023-01-23T15:30:13","date_gmt":"2023-01-23T13:30:13","guid":{"rendered":"http:\/\/107.6.182.27\/es\/?p=283998"},"modified":"2023-01-23T15:30:13","modified_gmt":"2023-01-23T13:30:13","slug":"el-corresponsal-de-sana-en-espanol-reporta-que-un-dron-de-los-grupos-terroristas-arrojo-dos-bombas-en-las-cercanias-de-la-ciudad-de-suqelbieh-en-el-oeste-de-la-provincia-central-de-hama-lo-que-ocasio","status":"publish","type":"post","link":"https:\/\/archive.sana.sy\/es\/?p=283998","title":{"rendered":"El corresponsal de SANA en Espa\u00f1ol reporta que un dron de los grupos terroristas arroj\u00f3 dos bombas en las cercan\u00edas de la ciudad de Suqelbieh en el oeste de la provincia central de Hama, lo que ocasion\u00f3 da\u00f1os materiales"},"content":{"rendered":"","protected":false},"excerpt":{"rendered":"","protected":false},"author":36,"featured_media":0,"comment_status":"closed","ping_status":"closed","sticky":false,"template":"","format":"standard","meta":{"footnotes":""},"categories":[596],"tags":[],"class_list":["post-283998","post","type-post","status-publish","format-standard","","category-urgente"],"_links":{"self":[{"href":"https:\/\/archive.sana.sy\/es\/index.php?rest_route=\/wp\/v2\/posts\/283998"}],"collection":[{"href":"https:\/\/archive.sana.sy\/es\/index.php?rest_route=\/wp\/v2\/posts"}],"about":[{"href":"https:\/\/archive.sana.sy\/es\/index.php?rest_route=\/wp\/v2\/types\/post"}],"author":[{"embeddable":true,"href":"https:\/\/archive.sana.sy\/es\/index.php?rest_route=\/wp\/v2\/users\/36"}],"replies":[{"embeddable":true,"href":"https:\/\/archive.sana.sy\/es\/index.php?rest_route=%2Fwp%2Fv2%2Fcomments&post=283998"}],"version-history":[{"count":0,"href":"https:\/\/archive.sana.sy\/es\/index.php?rest_route=\/wp\/v2\/posts\/283998\/revisions"}],"wp:attachment":[{"href":"https:\/\/archive.sana.sy\/es\/index.php?rest_route=%2Fwp%2Fv2%2Fmedia&parent=283998"}],"wp:term":[{"taxonomy":"category","embeddable":true,"href":"https:\/\/archive.sana.sy\/es\/index.php?rest_route=%2Fwp%2Fv2%2Fcategories&post=283998"},{"taxonomy":"post_tag","embeddable":true,"href":"https:\/\/archive.sana.sy\/es\/index.php?rest_route=%2Fwp%2Fv2%2Ftags&post=283998"}],"curies":[{"name":"wp","href":"https:\/\/api.w.org\/{rel}","templated":true}]}}