{"id":284000,"date":"2023-01-23T15:55:28","date_gmt":"2023-01-23T13:55:28","guid":{"rendered":"http:\/\/107.6.182.27\/es\/?p=284000"},"modified":"2023-01-23T15:56:44","modified_gmt":"2023-01-23T13:56:44","slug":"exigen-cese-inmediato-de-asedio-a-siria-politico-arabe","status":"publish","type":"post","link":"https:\/\/archive.sana.sy\/es\/?p=284000","title":{"rendered":"Exigen cese inmediato de asedio a Siria"},"content":{"rendered":"<p style=\"text-align: justify;\"><span style=\"color: #800000;\"><strong>Beirut, 23 ene (SANA)<\/strong> \u00a0<\/span>Apoyar a Siria requiere que las personas honorables de la naci\u00f3n y libres del mundo asuman sus responsabilidades para acabar con la injusticia que se le inflige, declar\u00f3 este lunes el coordinador de la Campa\u00f1a Popular \u00c1rabe e Internacional para Levantar el Asedio a Siria, Majdi Al-Maasrawi.<\/p>\n<p style=\"text-align: justify;\">\u201cLa Campa\u00f1a que se lanz\u00f3 el mes pasado, est\u00e1 siendo testigo de una notable respuesta de un gran n\u00famero de partidos, figuras pol\u00edticas e intelectuales de todo el mundo\u201d, agreg\u00f3.<\/p>\n<p style=\"text-align: justify;\">Adem\u00e1s, explic\u00f3 que el n\u00famero de personas que respondieron al llamado de la campa\u00f1a durante las \u00faltimas tres semanas ascendi\u00f3 a 205 personalidades pol\u00edticas, culturales, acad\u00e9micas, partidistas, sindicales y periodistas \u00e1rabes e internacionales.<\/p>\n<p style=\"text-align: justify;\">En otra parte de sus declaraciones, el pol\u00edtico \u00e1rabe detall\u00f3 que la siguiente etapa del trabajo de la campa\u00f1a incluir\u00e1 la formaci\u00f3n de comit\u00e9s para levantar el sitio, as\u00ed como la preparaci\u00f3n de un gran foro \u00e1rabe internacional destinado a apoyar a Siria.<\/p>\n<p><em>mm<\/em><\/p>\n","protected":false},"excerpt":{"rendered":"<p>Beirut, 23 ene (SANA) \u00a0Apoyar a Siria requiere que las personas honorables de la naci\u00f3n y libres del mundo asuman sus responsabilidades para acabar con la injusticia que se le inflige, declar\u00f3 este lunes el coordinador de la Campa\u00f1a Popular \u00c1rabe e Internacional para Levantar el Asedio a Siria, Majdi Al-Maasrawi. \u201cLa Campa\u00f1a que se &hellip;<\/p>\n","protected":false},"author":36,"featured_media":284001,"comment_status":"closed","ping_status":"closed","sticky":false,"template":"","format":"standard","meta":{"footnotes":""},"categories":[597,20724,467,7541],"tags":[],"class_list":["post-284000","post","type-post","status-publish","format-standard","has-post-thumbnail","","category-cinta-de-noticias","category-minuto-a-minuto","category-siria-y-el-mundo","category-ultimas-noticias"],"_links":{"self":[{"href":"https:\/\/archive.sana.sy\/es\/index.php?rest_route=\/wp\/v2\/posts\/284000"}],"collection":[{"href":"https:\/\/archive.sana.sy\/es\/index.php?rest_route=\/wp\/v2\/posts"}],"about":[{"href":"https:\/\/archive.sana.sy\/es\/index.php?rest_route=\/wp\/v2\/types\/post"}],"author":[{"embeddable":true,"href":"https:\/\/archive.sana.sy\/es\/index.php?rest_route=\/wp\/v2\/users\/36"}],"replies":[{"embeddable":true,"href":"https:\/\/archive.sana.sy\/es\/index.php?rest_route=%2Fwp%2Fv2%2Fcomments&post=284000"}],"version-history":[{"count":0,"href":"https:\/\/archive.sana.sy\/es\/index.php?rest_route=\/wp\/v2\/posts\/284000\/revisions"}],"wp:featuredmedia":[{"embeddable":true,"href":"https:\/\/archive.sana.sy\/es\/index.php?rest_route=\/wp\/v2\/media\/284001"}],"wp:attachment":[{"href":"https:\/\/archive.sana.sy\/es\/index.php?rest_route=%2Fwp%2Fv2%2Fmedia&parent=284000"}],"wp:term":[{"taxonomy":"category","embeddable":true,"href":"https:\/\/archive.sana.sy\/es\/index.php?rest_route=%2Fwp%2Fv2%2Fcategories&post=284000"},{"taxonomy":"post_tag","embeddable":true,"href":"https:\/\/archive.sana.sy\/es\/index.php?rest_route=%2Fwp%2Fv2%2Ftags&post=284000"}],"curies":[{"name":"wp","href":"https:\/\/api.w.org\/{rel}","templated":true}]}}