{"id":284046,"date":"2023-01-23T05:54:52","date_gmt":"2023-01-23T03:54:52","guid":{"rendered":"http:\/\/107.6.182.27\/es\/?p=284046"},"modified":"2023-01-23T20:15:42","modified_gmt":"2023-01-23T18:15:42","slug":"fernandez-y-lula-estrechan-su-alianza-estrategica","status":"publish","type":"post","link":"https:\/\/archive.sana.sy\/es\/?p=284046","title":{"rendered":"Fern\u00e1ndez y Lula estrechan su alianza estrat\u00e9gica"},"content":{"rendered":"<blockquote>\n<p style=\"text-align: justify;\"><span style=\"color: #ff6600;\"><strong>Fern\u00e1ndez tambi\u00e9n asegur\u00f3 que Argentina siempre estar\u00e1 al lado de Brasil y no le abandonar\u00e1 ante &#8220;ning\u00fan delirante ataque contra la instituciones brasile\u00f1as&#8221;<\/strong><\/span><\/p>\n<\/blockquote>\n<p style=\"text-align: justify;\"><span style=\"color: #800000;\"><strong>Damasco, 23 ene (SANA)<\/strong><\/span> El presidente de Argentino, Alberto Fern\u00e1ndez, y su hom\u00f3logo brasile\u00f1o, Luiz In\u00e1cio Lula da Silva, se reunieron este lunes en Buenos Aires y destacaron que ambos pa\u00edses tienen como objetivo trabajar en la &#8220;integraci\u00f3n de Am\u00e9rica Latina&#8221;.<\/p>\n<p style=\"text-align: justify;\">&#8220;Tuvimos una conversaci\u00f3n sensacional con el presidente Lula (&#8230;) estamos dando origen a un v\u00ednculo profundo que durar\u00e1 d\u00e9cadas&#8221;, declar\u00f3 Fern\u00e1ndez.<\/p>\n<p style=\"text-align: justify;\">Fern\u00e1ndez dijo que los desaf\u00edos de Brasil y Argentina &#8220;son muy parecidos: consolidar la democracia y las instituciones&#8221;.<\/p>\n<p style=\"text-align: justify;\">&#8220;Hemos hablado primero de la integraci\u00f3n de nuestros pa\u00edses y fortalecer y hacer m\u00e1s eficiente y potenciar el Mercosur [Mercado Com\u00fan del Sur] y volver a poner en marcha Unasur [Uni\u00f3n de Naciones Suramericanas]&#8221;, asever\u00f3.<\/p>\n<p style=\"text-align: justify;\">Fern\u00e1ndez tambi\u00e9n asegur\u00f3 que Argentina siempre estar\u00e1 al lado de Brasil y no le abandonar\u00e1 ante &#8220;ning\u00fan delirante ataque contra la instituciones brasile\u00f1as&#8221;, en referencia a los asaltos a las sedes de los tres poderes en Brasilia el pasado 8 de enero por parte de los bolsonaristas radicales.<\/p>\n<p style=\"text-align: justify;\"><span style=\"color: #0000ff; font-size: 24pt;\"><strong>&#8220;Buenos acuerdos con Argentina&#8221;<\/strong><\/span><\/p>\n<p style=\"text-align: justify;\">Lula, por su parte, dijo que &#8220;nunca olvidar\u00e1 el gesto&#8221; de Fern\u00e1ndez. En julio de 2019, el mandatario argentino visit\u00f3 al l\u00edder del PT en la c\u00e1rcel de Curitiba en la que estaba preso, tras ser condenado por corrupci\u00f3n en el marco de la megaoperaci\u00f3n Lava Jato y liberado despu\u00e9s por una cuesti\u00f3n procesal.<\/p>\n<p style=\"text-align: justify;\">Tambi\u00e9n fue el primer l\u00edder extranjero con el que se reuni\u00f3 en Sao Paulo, tan solo un d\u00eda despu\u00e9s de ganar las elecciones en segunda vuelta, el 31 de octubre.<\/p>\n<p style=\"text-align: justify;\">&#8220;Gracias por todo el cari\u00f1o que demostraste en aquel dif\u00edcil momento&#8221;, reiter\u00f3. &#8220;Estoy de vuelta para hacer buenos acuerdos con Argentina y compartir la construcci\u00f3n de lo que falta por construir y ayudar a que Argentina y Brasil crezcan econ\u00f3micamente&#8221;, asever\u00f3.<\/p>\n<p style=\"text-align: justify;\">Y agreg\u00f3: &#8220;Cuando termine mi mandato la relaci\u00f3n entre Brasil y Argentina ser\u00e1 la mejor todo Am\u00e9rica Latina (&#8230;) Hoy es el comienzo de una nueva historia&#8221;.<\/p>\n<p style=\"text-align: justify;\"><span style=\"font-size: 24pt;\"><strong><span style=\"color: #0000ff;\">\u00bfMoneda com\u00fan?<\/span><\/strong><\/span><\/p>\n<p style=\"text-align: justify;\">Lula tambi\u00e9n habl\u00f3 sobre el proyecto para la creaci\u00f3n de una moneda com\u00fan en Sudam\u00e9rica para uso comercial y que pretende reducir la dependencia del d\u00f3lar estadounidense. &#8220;Ya existi\u00f3 alguna experiencia en 2008, pero fue muy t\u00edmida porque nuestra decisi\u00f3n no fue impositiva, sino algo opcional&#8221;, destac\u00f3.<\/p>\n<p style=\"text-align: justify;\">Asimismo, afirm\u00f3 que espera que los ministros de ambos gobiernos &#8220;puedan hacer una propuesta de comercio exterior y de transacciones&#8221;. &#8220;\u00bfPor qu\u00e9 no intentar crear una moneda com\u00fan? Creo que ocurrir\u00e1 y que es necesario que ocurra&#8221;, subray\u00f3.<\/p>\n<p style=\"text-align: justify;\">A este respecto, Fern\u00e1ndez coment\u00f3: &#8220;Si no nos ayudamos a cambiar, vamos a seguir padeciendo los mismos males&#8221;.<\/p>\n<p style=\"text-align: justify;\">Este fin de semana, el ministro de Econom\u00eda de Argentina, Sergio Massa, adelant\u00f3 al Financial Times que la iniciativa funcionaria al inicio &#8220;en paralelo con el real brasile\u00f1o y el peso argentino&#8221; y se ofrecer\u00eda despu\u00e9s al resto de naciones.<\/p>\n<p style=\"text-align: justify;\">&#8220;No quiero crear falsas expectativas (&#8230;) es el primer paso de un largo camino que Am\u00e9rica Latina debe recorrer&#8221;, sentenci\u00f3 Massa, quien record\u00f3 que la Uni\u00f3n Europea tard\u00f3 35 a\u00f1os en crear el euro.<\/p>\n<p style=\"text-align: justify;\">En la rueda de prensa tras el encuentro, los periodistas tambi\u00e9n les preguntaron sobre un tema clave: la financiaci\u00f3n de la construcci\u00f3n de la segunda etapa del gasoducto N\u00e9stor Kirchner.<\/p>\n<p style=\"text-align: justify;\">&#8220;Estoy seguro que los empresarios brasile\u00f1os tienen intereses en el gasoducto argentino (&#8230;) Y si tenemos un Banco Nacional de Desarrollo Econ\u00f3mico y Social (BNDS) para eso, haremos lo posible para ayudar a la construcci\u00f3n del gasoducto&#8221;, dijo Lula.<\/p>\n<p style=\"text-align: justify;\">Est\u00e1 previsto que ambos mandatarios participen en un encuentro empresarial argentinos y brasile\u00f1os en el Museo Bicentenario.<\/p>\n<p style=\"text-align: justify;\">Lula asistir\u00e1 esta noche a un concierto en el Centro Cultural Kirchner y el martes participar\u00e1 en el encuentro de la Comunidad de Estados Latinoamericanos y del Caribe (Celac), de la que Brasil sali\u00f3 en enero de 2020 durante la administraci\u00f3n del ultraderechista Jair Bolsonaro.<\/p>\n<p style=\"text-align: justify;\"><span style=\"color: #0000ff;\"><strong>Fuente : RT<\/strong><\/span><\/p>\n","protected":false},"excerpt":{"rendered":"<p>Fern\u00e1ndez tambi\u00e9n asegur\u00f3 que Argentina siempre estar\u00e1 al lado de Brasil y no le abandonar\u00e1 ante &#8220;ning\u00fan delirante ataque contra la instituciones brasile\u00f1as&#8221; Damasco, 23 ene (SANA) El presidente de Argentino, Alberto Fern\u00e1ndez, y su hom\u00f3logo brasile\u00f1o, Luiz In\u00e1cio Lula da Silva, se reunieron este lunes en Buenos Aires y destacaron que ambos pa\u00edses tienen &hellip;<\/p>\n","protected":false},"author":30,"featured_media":284047,"comment_status":"closed","ping_status":"closed","sticky":false,"template":"","format":"standard","meta":{"footnotes":""},"categories":[456,16687,20724,583],"tags":[],"class_list":["post-284046","post","type-post","status-publish","format-standard","has-post-thumbnail","","category-arabe-internacional-politica","category-internacionales","category-minuto-a-minuto","category-slide"],"_links":{"self":[{"href":"https:\/\/archive.sana.sy\/es\/index.php?rest_route=\/wp\/v2\/posts\/284046"}],"collection":[{"href":"https:\/\/archive.sana.sy\/es\/index.php?rest_route=\/wp\/v2\/posts"}],"about":[{"href":"https:\/\/archive.sana.sy\/es\/index.php?rest_route=\/wp\/v2\/types\/post"}],"author":[{"embeddable":true,"href":"https:\/\/archive.sana.sy\/es\/index.php?rest_route=\/wp\/v2\/users\/30"}],"replies":[{"embeddable":true,"href":"https:\/\/archive.sana.sy\/es\/index.php?rest_route=%2Fwp%2Fv2%2Fcomments&post=284046"}],"version-history":[{"count":0,"href":"https:\/\/archive.sana.sy\/es\/index.php?rest_route=\/wp\/v2\/posts\/284046\/revisions"}],"wp:featuredmedia":[{"embeddable":true,"href":"https:\/\/archive.sana.sy\/es\/index.php?rest_route=\/wp\/v2\/media\/284047"}],"wp:attachment":[{"href":"https:\/\/archive.sana.sy\/es\/index.php?rest_route=%2Fwp%2Fv2%2Fmedia&parent=284046"}],"wp:term":[{"taxonomy":"category","embeddable":true,"href":"https:\/\/archive.sana.sy\/es\/index.php?rest_route=%2Fwp%2Fv2%2Fcategories&post=284046"},{"taxonomy":"post_tag","embeddable":true,"href":"https:\/\/archive.sana.sy\/es\/index.php?rest_route=%2Fwp%2Fv2%2Ftags&post=284046"}],"curies":[{"name":"wp","href":"https:\/\/api.w.org\/{rel}","templated":true}]}}