{"id":284055,"date":"2023-01-23T20:28:06","date_gmt":"2023-01-23T18:28:06","guid":{"rendered":"http:\/\/107.6.182.27\/es\/?p=284055"},"modified":"2023-01-23T20:28:06","modified_gmt":"2023-01-23T18:28:06","slug":"siria-e-iraq-reautorizan-transito-comercial-mutuo","status":"publish","type":"post","link":"https:\/\/archive.sana.sy\/es\/?p=284055","title":{"rendered":"Siria e Iraq reautorizan tr\u00e1nsito comercial mutuo"},"content":{"rendered":"<blockquote><p><span style=\"color: #ff6600;\"><strong>\u201cEl gobierno iraqu\u00ed autoriz\u00f3 la entrada de todos los camiones comerciales y agr\u00edcolas sirios, especialmente de frutas c\u00edtricas, a todas las provincias iraqu\u00edes\u201d, resalt\u00f3 el jefe de la Misi\u00f3n Diplom\u00e1tica Siria ante Irak.<\/strong><\/span><\/p><\/blockquote>\n<p style=\"text-align: justify;\"><span style=\"color: #800000;\"><strong>Bagdad, 23 ene (SANA)<\/strong><\/span> El embajador sirio en Bagdad, Sattam al-Dandah, anunci\u00f3 que se permitir\u00e1 la entrada de camiones comerciales sirios e iraqu\u00edes a ambos pa\u00edses, en los pr\u00f3ximos d\u00edas.<\/p>\n<p style=\"text-align: justify;\">En una declaraci\u00f3n al corresponsal de SANA en Bagdad, Al-Dandah se\u00f1al\u00f3 que el tr\u00e1nsito comercial entre ambos pa\u00edses hab\u00eda sido interrumpido desde la propagaci\u00f3n de la epidemia de Corona.<\/p>\n<p style=\"text-align: justify;\">\u201cEl gobierno iraqu\u00ed autoriz\u00f3 la entrada de todos los camiones comerciales y agr\u00edcolas sirios, especialmente de frutas c\u00edtricas, a todas las provincias iraqu\u00edes\u201d, resalt\u00f3 el jefe de la Misi\u00f3n Diplom\u00e1tica Siria ante Irak.<\/p>\n<p style=\"text-align: justify;\">En el mismo contexto indic\u00f3 que, de acuerdo al principio de reciprocidad, los camiones comerciales iraqu\u00edes podr\u00e1n ingresar a Siria en los pr\u00f3ximos d\u00edas.<\/p>\n<p style=\"text-align: justify;\"><em><strong>ah\/fm<\/strong><\/em><\/p>\n","protected":false},"excerpt":{"rendered":"<p>\u201cEl gobierno iraqu\u00ed autoriz\u00f3 la entrada de todos los camiones comerciales y agr\u00edcolas sirios, especialmente de frutas c\u00edtricas, a todas las provincias iraqu\u00edes\u201d, resalt\u00f3 el jefe de la Misi\u00f3n Diplom\u00e1tica Siria ante Irak. Bagdad, 23 ene (SANA) El embajador sirio en Bagdad, Sattam al-Dandah, anunci\u00f3 que se permitir\u00e1 la entrada de camiones comerciales sirios e &hellip;<\/p>\n","protected":false},"author":30,"featured_media":284058,"comment_status":"closed","ping_status":"closed","sticky":false,"template":"","format":"standard","meta":{"footnotes":""},"categories":[597,20724,467,7541],"tags":[],"class_list":["post-284055","post","type-post","status-publish","format-standard","has-post-thumbnail","","category-cinta-de-noticias","category-minuto-a-minuto","category-siria-y-el-mundo","category-ultimas-noticias"],"_links":{"self":[{"href":"https:\/\/archive.sana.sy\/es\/index.php?rest_route=\/wp\/v2\/posts\/284055"}],"collection":[{"href":"https:\/\/archive.sana.sy\/es\/index.php?rest_route=\/wp\/v2\/posts"}],"about":[{"href":"https:\/\/archive.sana.sy\/es\/index.php?rest_route=\/wp\/v2\/types\/post"}],"author":[{"embeddable":true,"href":"https:\/\/archive.sana.sy\/es\/index.php?rest_route=\/wp\/v2\/users\/30"}],"replies":[{"embeddable":true,"href":"https:\/\/archive.sana.sy\/es\/index.php?rest_route=%2Fwp%2Fv2%2Fcomments&post=284055"}],"version-history":[{"count":0,"href":"https:\/\/archive.sana.sy\/es\/index.php?rest_route=\/wp\/v2\/posts\/284055\/revisions"}],"wp:featuredmedia":[{"embeddable":true,"href":"https:\/\/archive.sana.sy\/es\/index.php?rest_route=\/wp\/v2\/media\/284058"}],"wp:attachment":[{"href":"https:\/\/archive.sana.sy\/es\/index.php?rest_route=%2Fwp%2Fv2%2Fmedia&parent=284055"}],"wp:term":[{"taxonomy":"category","embeddable":true,"href":"https:\/\/archive.sana.sy\/es\/index.php?rest_route=%2Fwp%2Fv2%2Fcategories&post=284055"},{"taxonomy":"post_tag","embeddable":true,"href":"https:\/\/archive.sana.sy\/es\/index.php?rest_route=%2Fwp%2Fv2%2Ftags&post=284055"}],"curies":[{"name":"wp","href":"https:\/\/api.w.org\/{rel}","templated":true}]}}