{"id":284075,"date":"2023-01-24T09:59:37","date_gmt":"2023-01-24T07:59:37","guid":{"rendered":"http:\/\/107.6.182.27\/es\/?p=284075"},"modified":"2023-01-24T09:59:37","modified_gmt":"2023-01-24T07:59:37","slug":"politico-frances-critica-a-su-pais-por-enviar-dinero-a-kiev","status":"publish","type":"post","link":"https:\/\/archive.sana.sy\/es\/?p=284075","title":{"rendered":"Pol\u00edtico franc\u00e9s critica a su pa\u00eds por enviar dinero a Kiev"},"content":{"rendered":"<blockquote>\n<p style=\"text-align: justify;\"><span style=\"color: #000000;\"><em><strong>\u201cLa presidenta de la Comisi\u00f3n Europea, Ursula Von Der Leyen, decidi\u00f3 enviar 500 millones de euros adicionales a Vladimir Zelensky, 100 millones son de Francia, a cambio no tenemos dinero ni para pensiones ni para hospitales\u201d<\/strong><\/em><\/span><\/p>\n<\/blockquote>\n<p style=\"text-align: justify;\"><span style=\"color: #800000;\"><strong>Paris, 24 ene (SANA) <\/strong><\/span>El l\u00edder del partido pol\u00edtico franc\u00e9s de derecha \u2018Les Patriotes\u2019, Florian Philippot, critic\u00f3 la decisi\u00f3n de Par\u00eds de enviar m\u00e1s de 100 millones de euros a Ucrania, en un momento en que Francia atraviesa dificultades financieras.<\/p>\n<p style=\"text-align: justify;\">\u201cLa presidenta de la Comisi\u00f3n Europea, Ursula Von Der Leyen, decidi\u00f3 enviar 500 millones de euros adicionales a Vladimir Zelensky, 100 millones son de Francia, a cambio no tenemos dinero ni para pensiones ni para hospitales\u201d, dijo el pol\u00edtico franc\u00e9s en su cuenta de Twitter, seg\u00fan difundi\u00f3 la agencia Novosti.<\/p>\n<p style=\"text-align: justify;\">Adem\u00e1s, Philippot inst\u00f3 al levantamiento de las sanciones contra Rusia por parte de la Uni\u00f3n Europea, y calific\u00f3 las decisiones de Bruselas en el sector energ\u00e9tico y las medidas restrictivas contra Mosc\u00fa de locas y est\u00fapidas.<\/p>\n<p style=\"text-align: justify;\">El pol\u00edtico franc\u00e9s critic\u00f3 repetidamente el env\u00edo de dinero y armas del r\u00e9gimen de Kiev por parte de los pa\u00edses occidentales, y enfatiz\u00f3 que esto escalar\u00eda y prolongar\u00eda la crisis de Ucrania.<\/p>\n<p style=\"text-align: justify;\">as\/fm<\/p>\n","protected":false},"excerpt":{"rendered":"<p>\u201cLa presidenta de la Comisi\u00f3n Europea, Ursula Von Der Leyen, decidi\u00f3 enviar 500 millones de euros adicionales a Vladimir Zelensky, 100 millones son de Francia, a cambio no tenemos dinero ni para pensiones ni para hospitales\u201d Paris, 24 ene (SANA) El l\u00edder del partido pol\u00edtico franc\u00e9s de derecha \u2018Les Patriotes\u2019, Florian Philippot, critic\u00f3 la decisi\u00f3n &hellip;<\/p>\n","protected":false},"author":42,"featured_media":284076,"comment_status":"closed","ping_status":"closed","sticky":false,"template":"","format":"standard","meta":{"footnotes":""},"categories":[597,456,16687,20724,7541],"tags":[],"class_list":["post-284075","post","type-post","status-publish","format-standard","has-post-thumbnail","","category-cinta-de-noticias","category-arabe-internacional-politica","category-internacionales","category-minuto-a-minuto","category-ultimas-noticias"],"_links":{"self":[{"href":"https:\/\/archive.sana.sy\/es\/index.php?rest_route=\/wp\/v2\/posts\/284075"}],"collection":[{"href":"https:\/\/archive.sana.sy\/es\/index.php?rest_route=\/wp\/v2\/posts"}],"about":[{"href":"https:\/\/archive.sana.sy\/es\/index.php?rest_route=\/wp\/v2\/types\/post"}],"author":[{"embeddable":true,"href":"https:\/\/archive.sana.sy\/es\/index.php?rest_route=\/wp\/v2\/users\/42"}],"replies":[{"embeddable":true,"href":"https:\/\/archive.sana.sy\/es\/index.php?rest_route=%2Fwp%2Fv2%2Fcomments&post=284075"}],"version-history":[{"count":0,"href":"https:\/\/archive.sana.sy\/es\/index.php?rest_route=\/wp\/v2\/posts\/284075\/revisions"}],"wp:featuredmedia":[{"embeddable":true,"href":"https:\/\/archive.sana.sy\/es\/index.php?rest_route=\/wp\/v2\/media\/284076"}],"wp:attachment":[{"href":"https:\/\/archive.sana.sy\/es\/index.php?rest_route=%2Fwp%2Fv2%2Fmedia&parent=284075"}],"wp:term":[{"taxonomy":"category","embeddable":true,"href":"https:\/\/archive.sana.sy\/es\/index.php?rest_route=%2Fwp%2Fv2%2Fcategories&post=284075"},{"taxonomy":"post_tag","embeddable":true,"href":"https:\/\/archive.sana.sy\/es\/index.php?rest_route=%2Fwp%2Fv2%2Ftags&post=284075"}],"curies":[{"name":"wp","href":"https:\/\/api.w.org\/{rel}","templated":true}]}}