{"id":284176,"date":"2023-01-25T04:44:37","date_gmt":"2023-01-25T02:44:37","guid":{"rendered":"http:\/\/107.6.182.27\/es\/?p=284176"},"modified":"2023-01-25T04:44:37","modified_gmt":"2023-01-25T02:44:37","slug":"pence-tambien-se-llevo-a-casa-documentos-clasificados","status":"publish","type":"post","link":"https:\/\/archive.sana.sy\/es\/?p=284176","title":{"rendered":"Pence tambi\u00e9n se llev\u00f3 a casa documentos clasificados"},"content":{"rendered":"<blockquote>\n<p style=\"text-align: justify;\"><strong><span style=\"color: #993300;\">Lo interesante ahora es que la informaci\u00f3n sale a la luz en un momento en que Pence neg\u00f3 en repetidas ocasiones tener en su poder ese tipo de documentaci\u00f3n y expres\u00f3 cr\u00edticas a Biden, que est\u00e1 en el centro de atenci\u00f3n por los descubrimientos de similar material en su vivienda en Delaware.<\/span><\/strong><\/p>\n<\/blockquote>\n<p style=\"text-align: justify;\"><span style=\"color: #800000;\"><strong>Washington, 25 ene (SANA)<\/strong><\/span> El exvicepresidente Mike Pence ocupa los titulares en la prensa de Estados Unidos tras el anuncio de que una docena de documentos considerados como clasificados fueron encontrados en su residencia en Carmel, Indiana.<\/p>\n<p>Greg Jacob, abogado del exvicemandatario republicano (2017-2021), public\u00f3 este martes un informe en el que explic\u00f3 sobre el hallazgo la semana pasada y que de inmediato notific\u00f3 a los Archivos Nacionales para ser entregados a la Oficina Federal de Investigaciones (FBI).<\/p>\n<p style=\"text-align: justify;\">De acuerdo con reportes citados por Prensa Latina, fue el propio Pence quien pidi\u00f3 a su representante legal realizar una revisi\u00f3n por precauci\u00f3n a su nuevo domicilio para averiguar si exist\u00edan o no archivos sensibles.<\/p>\n<p style=\"text-align: justify;\">En el lugar se encontraron cuatro cajas con una peque\u00f1a cantidad de documentos con sellos oficiales, se\u00f1alaron fuentes sin identificar a la cadena CNN.<\/p>\n<p style=\"text-align: justify;\">Lo interesante ahora es que la informaci\u00f3n sale a la luz en un momento en que Pence neg\u00f3 en repetidas ocasiones tener en su poder ese tipo de documentaci\u00f3n y expres\u00f3 cr\u00edticas a Biden, que est\u00e1 en el centro de atenci\u00f3n por los descubrimientos de similar material en su vivienda en Delaware.<\/p>\n<p style=\"text-align: justify;\">fm<\/p>\n","protected":false},"excerpt":{"rendered":"<p>Lo interesante ahora es que la informaci\u00f3n sale a la luz en un momento en que Pence neg\u00f3 en repetidas ocasiones tener en su poder ese tipo de documentaci\u00f3n y expres\u00f3 cr\u00edticas a Biden, que est\u00e1 en el centro de atenci\u00f3n por los descubrimientos de similar material en su vivienda en Delaware. Washington, 25 ene &hellip;<\/p>\n","protected":false},"author":34,"featured_media":284177,"comment_status":"closed","ping_status":"closed","sticky":false,"template":"","format":"standard","meta":{"footnotes":""},"categories":[597,456,20724,7541],"tags":[],"class_list":["post-284176","post","type-post","status-publish","format-standard","has-post-thumbnail","","category-cinta-de-noticias","category-arabe-internacional-politica","category-minuto-a-minuto","category-ultimas-noticias"],"_links":{"self":[{"href":"https:\/\/archive.sana.sy\/es\/index.php?rest_route=\/wp\/v2\/posts\/284176"}],"collection":[{"href":"https:\/\/archive.sana.sy\/es\/index.php?rest_route=\/wp\/v2\/posts"}],"about":[{"href":"https:\/\/archive.sana.sy\/es\/index.php?rest_route=\/wp\/v2\/types\/post"}],"author":[{"embeddable":true,"href":"https:\/\/archive.sana.sy\/es\/index.php?rest_route=\/wp\/v2\/users\/34"}],"replies":[{"embeddable":true,"href":"https:\/\/archive.sana.sy\/es\/index.php?rest_route=%2Fwp%2Fv2%2Fcomments&post=284176"}],"version-history":[{"count":0,"href":"https:\/\/archive.sana.sy\/es\/index.php?rest_route=\/wp\/v2\/posts\/284176\/revisions"}],"wp:featuredmedia":[{"embeddable":true,"href":"https:\/\/archive.sana.sy\/es\/index.php?rest_route=\/wp\/v2\/media\/284177"}],"wp:attachment":[{"href":"https:\/\/archive.sana.sy\/es\/index.php?rest_route=%2Fwp%2Fv2%2Fmedia&parent=284176"}],"wp:term":[{"taxonomy":"category","embeddable":true,"href":"https:\/\/archive.sana.sy\/es\/index.php?rest_route=%2Fwp%2Fv2%2Fcategories&post=284176"},{"taxonomy":"post_tag","embeddable":true,"href":"https:\/\/archive.sana.sy\/es\/index.php?rest_route=%2Fwp%2Fv2%2Ftags&post=284176"}],"curies":[{"name":"wp","href":"https:\/\/api.w.org\/{rel}","templated":true}]}}