{"id":284186,"date":"2023-01-25T15:05:01","date_gmt":"2023-01-25T13:05:01","guid":{"rendered":"http:\/\/107.6.182.27\/es\/?p=284186"},"modified":"2023-01-25T14:54:29","modified_gmt":"2023-01-25T12:54:29","slug":"los-terroristas-en-idlib-preparan-nuevas-provocaciones-contra-militares-rusos-y-sirios","status":"publish","type":"post","link":"https:\/\/archive.sana.sy\/es\/?p=284186","title":{"rendered":"Los terroristas en Idlib preparan nuevas provocaciones contra militares rusos y sirios"},"content":{"rendered":"<blockquote>\n<p style=\"text-align: justify;\"><span style=\"color: #ff0000;\"><em><strong>&#8220;Los terroristas pretenden publicar videos en las redes sociales que muestren la destrucci\u00f3n de infraestructura civil, con el objetivo de acusar a las fuerzas armadas rusas y sirias de lanzar ataques indiscriminados en el territorio controlado por los terroristas&#8221;<\/strong><\/em><\/span><\/p>\n<\/blockquote>\n<p style=\"text-align: justify;\"><span style=\"color: #800000;\"><strong>Mosc\u00fa, 25 ene (SANA)<\/strong><\/span>\u00a0 El Ministerio de Defensa ruso anunci\u00f3 hoy que las organizaciones terroristas en la zona de desescalada en la gobernaci\u00f3n septentrional de Idlib est\u00e1n llevando a cabo preparativos para perpetrar ataques contra las posiciones del Ej\u00e9rcito \u00c1rabe Sirio y puntos del ej\u00e9rcito ruso en el norte del pa\u00eds.<\/p>\n<p style=\"text-align: justify;\">El subjefe del Centro de Coordinaci\u00f3n Ruso con sede en la base de Hemeimem en la provincia de Latakia, el mayor general Oleg Egorov, dijo en un comunicado de prensa que \u201cel centro recibi\u00f3 informaci\u00f3n sobre preparativos que llevan a cabo los radicales para llevar a cabo llevar a cabo una serie de actos de sabotaje contra posiciones del ej\u00e9rcito sirio y las fuerzas rusas, con el objetivo de escalar la situaci\u00f3n\u201d.<\/p>\n<p style=\"text-align: justify;\">Egorov indic\u00f3 que los terroristas pretenden publicar v\u00eddeos en las redes sociales que muestren la destrucci\u00f3n de infraestructura civil, con el objetivo de acusar a las fuerzas armadas rusas y sirias de lanzar ataques indiscriminados en el territorio controlado por los terroristas.<\/p>\n<p style=\"text-align: justify;\">Las organizaciones terroristas, que en su mayor\u00eda operan bajo mando del Frente al-Nousra en la provincia de Idlib y parte de la provincia de Latakia, contin\u00faan sus ataques contra las comunidades civiles y los puntos militares, causando muerte entre civiles y da\u00f1os en la infraestructura y las propiedades.<\/p>\n<p style=\"text-align: justify;\"><em><strong>fm\/ws<\/strong><\/em><\/p>\n","protected":false},"excerpt":{"rendered":"<p>&#8220;Los terroristas pretenden publicar videos en las redes sociales que muestren la destrucci\u00f3n de infraestructura civil, con el objetivo de acusar a las fuerzas armadas rusas y sirias de lanzar ataques indiscriminados en el territorio controlado por los terroristas&#8221; Mosc\u00fa, 25 ene (SANA)\u00a0 El Ministerio de Defensa ruso anunci\u00f3 hoy que las organizaciones terroristas en &hellip;<\/p>\n","protected":false},"author":35,"featured_media":284187,"comment_status":"closed","ping_status":"closed","sticky":false,"template":"","format":"standard","meta":{"footnotes":""},"categories":[447,597,456,16687,7541],"tags":[],"class_list":["post-284186","post","type-post","status-publish","format-standard","has-post-thumbnail","","category-local-politica","category-cinta-de-noticias","category-arabe-internacional-politica","category-internacionales","category-ultimas-noticias"],"_links":{"self":[{"href":"https:\/\/archive.sana.sy\/es\/index.php?rest_route=\/wp\/v2\/posts\/284186"}],"collection":[{"href":"https:\/\/archive.sana.sy\/es\/index.php?rest_route=\/wp\/v2\/posts"}],"about":[{"href":"https:\/\/archive.sana.sy\/es\/index.php?rest_route=\/wp\/v2\/types\/post"}],"author":[{"embeddable":true,"href":"https:\/\/archive.sana.sy\/es\/index.php?rest_route=\/wp\/v2\/users\/35"}],"replies":[{"embeddable":true,"href":"https:\/\/archive.sana.sy\/es\/index.php?rest_route=%2Fwp%2Fv2%2Fcomments&post=284186"}],"version-history":[{"count":0,"href":"https:\/\/archive.sana.sy\/es\/index.php?rest_route=\/wp\/v2\/posts\/284186\/revisions"}],"wp:featuredmedia":[{"embeddable":true,"href":"https:\/\/archive.sana.sy\/es\/index.php?rest_route=\/wp\/v2\/media\/284187"}],"wp:attachment":[{"href":"https:\/\/archive.sana.sy\/es\/index.php?rest_route=%2Fwp%2Fv2%2Fmedia&parent=284186"}],"wp:term":[{"taxonomy":"category","embeddable":true,"href":"https:\/\/archive.sana.sy\/es\/index.php?rest_route=%2Fwp%2Fv2%2Fcategories&post=284186"},{"taxonomy":"post_tag","embeddable":true,"href":"https:\/\/archive.sana.sy\/es\/index.php?rest_route=%2Fwp%2Fv2%2Ftags&post=284186"}],"curies":[{"name":"wp","href":"https:\/\/api.w.org\/{rel}","templated":true}]}}