{"id":284199,"date":"2023-01-25T11:02:41","date_gmt":"2023-01-25T09:02:41","guid":{"rendered":"http:\/\/107.6.182.27\/es\/?p=284199"},"modified":"2023-01-25T11:02:41","modified_gmt":"2023-01-25T09:02:41","slug":"medvedev-biden-y-schultz-deben-detener-el-tictac-del-reloj-del-fin-del-mundo","status":"publish","type":"post","link":"https:\/\/archive.sana.sy\/es\/?p=284199","title":{"rendered":"Medvedev: Biden y Schultz deben detener el tictac del reloj del fin del mundo"},"content":{"rendered":"<p style=\"text-align: justify;\"><span style=\"color: #800000;\"><strong>Mosc\u00fa, 25 ene (SANA)\u00a0<\/strong><\/span> \u00a0 El vicepresidente del Consejo de Seguridad de Rusia, Dmitry Medvedev, pidi\u00f3 a los l\u00edderes de Estados Unidos y Alemania que recurran a la sabidur\u00eda y que detengan el tictac del reloj del fin del mundo.<\/p>\n<p style=\"text-align: justify;\">\u201cDejemos que los relojeros Joe Biden y Olaf Scholz detengan el tictac del reloj at\u00f3mico por un tiempo. Para hacer esto, deben entender que sus manecillas ucranianas se oxidaron hace mucho tiempo\u201d, dijo Medvedev en una entrevista con RIA Novosti, respondiendo a la pregunta de qu\u00e9 hacer para mover las manecillas de este reloj al menos un poco hacia atr\u00e1s.<\/p>\n<p style=\"text-align: justify;\">Medvedev hab\u00eda confirmado que la operaci\u00f3n militar rusa en Ucrania se hab\u00eda convertido en una medida forzada y una respuesta a la preparaci\u00f3n de la agresi\u00f3n por parte de Estados Unidos y sus aliados.<\/p>\n<p style=\"text-align: justify;\">ed\/fm<\/p>\n","protected":false},"excerpt":{"rendered":"<p>Mosc\u00fa, 25 ene (SANA)\u00a0 \u00a0 El vicepresidente del Consejo de Seguridad de Rusia, Dmitry Medvedev, pidi\u00f3 a los l\u00edderes de Estados Unidos y Alemania que recurran a la sabidur\u00eda y que detengan el tictac del reloj del fin del mundo. \u201cDejemos que los relojeros Joe Biden y Olaf Scholz detengan el tictac del reloj at\u00f3mico &hellip;<\/p>\n","protected":false},"author":32,"featured_media":284200,"comment_status":"closed","ping_status":"closed","sticky":false,"template":"","format":"standard","meta":{"footnotes":""},"categories":[597,456,16687,7541],"tags":[],"class_list":["post-284199","post","type-post","status-publish","format-standard","has-post-thumbnail","","category-cinta-de-noticias","category-arabe-internacional-politica","category-internacionales","category-ultimas-noticias"],"_links":{"self":[{"href":"https:\/\/archive.sana.sy\/es\/index.php?rest_route=\/wp\/v2\/posts\/284199"}],"collection":[{"href":"https:\/\/archive.sana.sy\/es\/index.php?rest_route=\/wp\/v2\/posts"}],"about":[{"href":"https:\/\/archive.sana.sy\/es\/index.php?rest_route=\/wp\/v2\/types\/post"}],"author":[{"embeddable":true,"href":"https:\/\/archive.sana.sy\/es\/index.php?rest_route=\/wp\/v2\/users\/32"}],"replies":[{"embeddable":true,"href":"https:\/\/archive.sana.sy\/es\/index.php?rest_route=%2Fwp%2Fv2%2Fcomments&post=284199"}],"version-history":[{"count":0,"href":"https:\/\/archive.sana.sy\/es\/index.php?rest_route=\/wp\/v2\/posts\/284199\/revisions"}],"wp:featuredmedia":[{"embeddable":true,"href":"https:\/\/archive.sana.sy\/es\/index.php?rest_route=\/wp\/v2\/media\/284200"}],"wp:attachment":[{"href":"https:\/\/archive.sana.sy\/es\/index.php?rest_route=%2Fwp%2Fv2%2Fmedia&parent=284199"}],"wp:term":[{"taxonomy":"category","embeddable":true,"href":"https:\/\/archive.sana.sy\/es\/index.php?rest_route=%2Fwp%2Fv2%2Fcategories&post=284199"},{"taxonomy":"post_tag","embeddable":true,"href":"https:\/\/archive.sana.sy\/es\/index.php?rest_route=%2Fwp%2Fv2%2Ftags&post=284199"}],"curies":[{"name":"wp","href":"https:\/\/api.w.org\/{rel}","templated":true}]}}