{"id":284212,"date":"2023-01-25T12:06:13","date_gmt":"2023-01-25T10:06:13","guid":{"rendered":"http:\/\/107.6.182.27\/es\/?p=284212"},"modified":"2023-01-25T18:44:18","modified_gmt":"2023-01-25T16:44:18","slug":"canciller-sirio-recibe-a-subsecretario-general-de-la-onu-para-operaciones-de-mantenimiento-de-la-paz","status":"publish","type":"post","link":"https:\/\/archive.sana.sy\/es\/?p=284212","title":{"rendered":"Canciller sirio recibe a subsecretario general de la ONU para Operaciones de Mantenimiento de la Paz"},"content":{"rendered":"<p style=\"text-align: justify\"><span style=\"color: #800000\"><strong>Damasco, 25 ene (SANA)\u00a0<\/strong> <\/span>El ministro de Asuntos Exteriores y Expatriados, Faisal Al-Mekdad, recibi\u00f3 hoy en la sede de la Canciller\u00eda en Damasco, la capital siria, al subsecretario general de la Organizaci\u00f3n de Naciones Unidas (ONU) para Operaciones de Mantenimiento de la Paz, Jean-Pierre Lacroix.<\/p>\n<p>&nbsp;<\/p>\n<p style=\"text-align: justify\">fm\/as<\/p>\n","protected":false},"excerpt":{"rendered":"<p>Damasco, 25 ene (SANA)\u00a0 El ministro de Asuntos Exteriores y Expatriados, Faisal Al-Mekdad, recibi\u00f3 hoy en la sede de la Canciller\u00eda en Damasco, la capital siria, al subsecretario general de la Organizaci\u00f3n de Naciones Unidas (ONU) para Operaciones de Mantenimiento de la Paz, Jean-Pierre Lacroix. &nbsp; fm\/as<\/p>\n","protected":false},"author":42,"featured_media":284213,"comment_status":"closed","ping_status":"closed","sticky":false,"template":"","format":"standard","meta":{"footnotes":""},"categories":[447,477,597,20724,583],"tags":[],"class_list":["post-284212","post","type-post","status-publish","format-standard","has-post-thumbnail","","category-local-politica","category-noticias-edulcorantes","category-cinta-de-noticias","category-minuto-a-minuto","category-slide"],"_links":{"self":[{"href":"https:\/\/archive.sana.sy\/es\/index.php?rest_route=\/wp\/v2\/posts\/284212"}],"collection":[{"href":"https:\/\/archive.sana.sy\/es\/index.php?rest_route=\/wp\/v2\/posts"}],"about":[{"href":"https:\/\/archive.sana.sy\/es\/index.php?rest_route=\/wp\/v2\/types\/post"}],"author":[{"embeddable":true,"href":"https:\/\/archive.sana.sy\/es\/index.php?rest_route=\/wp\/v2\/users\/42"}],"replies":[{"embeddable":true,"href":"https:\/\/archive.sana.sy\/es\/index.php?rest_route=%2Fwp%2Fv2%2Fcomments&post=284212"}],"version-history":[{"count":0,"href":"https:\/\/archive.sana.sy\/es\/index.php?rest_route=\/wp\/v2\/posts\/284212\/revisions"}],"wp:featuredmedia":[{"embeddable":true,"href":"https:\/\/archive.sana.sy\/es\/index.php?rest_route=\/wp\/v2\/media\/284213"}],"wp:attachment":[{"href":"https:\/\/archive.sana.sy\/es\/index.php?rest_route=%2Fwp%2Fv2%2Fmedia&parent=284212"}],"wp:term":[{"taxonomy":"category","embeddable":true,"href":"https:\/\/archive.sana.sy\/es\/index.php?rest_route=%2Fwp%2Fv2%2Fcategories&post=284212"},{"taxonomy":"post_tag","embeddable":true,"href":"https:\/\/archive.sana.sy\/es\/index.php?rest_route=%2Fwp%2Fv2%2Ftags&post=284212"}],"curies":[{"name":"wp","href":"https:\/\/api.w.org\/{rel}","templated":true}]}}