{"id":284221,"date":"2023-01-25T12:39:26","date_gmt":"2023-01-25T10:39:26","guid":{"rendered":"http:\/\/107.6.182.27\/es\/?p=284221"},"modified":"2023-01-25T12:39:26","modified_gmt":"2023-01-25T10:39:26","slug":"fuerzas-de-ocupacion-israelies-demuelen-la-casa-de-un-martir-palestino-en-jerusalen","status":"publish","type":"post","link":"https:\/\/archive.sana.sy\/es\/?p=284221","title":{"rendered":"Fuerzas de ocupaci\u00f3n israel\u00edes demuelen la casa de un m\u00e1rtir palestino en Jerusal\u00e9n"},"content":{"rendered":"<blockquote>\n<p style=\"text-align: justify;\"><span style=\"color: #000000;\"><em><strong>Seg\u00fan informaron los medios palestinos, las tropas sionistas allanaron la vivienda de Tamimi y obligaron su familia a salir, y luego la demolieron.<\/strong><\/em><\/span><\/p>\n<\/blockquote>\n<p style=\"text-align: justify;\"><span style=\"color: #800000;\"><strong>Jerusal\u00e9n ocupada, 25 ene (SANA)\u00a0 <\/strong><\/span>Las fuerzas de ocupaci\u00f3n israel\u00edes asaltaron el distrito al-Salam en la ciudad de Anata en Jerusal\u00e9n ocupada, donde demolieron la casa del m\u00e1rtir Uday al-Tamimi.<\/p>\n<p style=\"text-align: justify;\">Seg\u00fan informaron los medios palestinos, las tropas sionistas allanaron la vivienda de Tamimi y obligaron su familia a salir, y luego la demolieron.<\/p>\n<p style=\"text-align: justify;\">Al-Tamimi perdi\u00f3 la vida el 19 de octubre pasado tras atacar a un puesto de control de las fuerzas de ocupaci\u00f3n en la Jerusal\u00e9n ocupada.<\/p>\n<p style=\"text-align: justify;\">as\/fm<\/p>\n","protected":false},"excerpt":{"rendered":"<p>Seg\u00fan informaron los medios palestinos, las tropas sionistas allanaron la vivienda de Tamimi y obligaron su familia a salir, y luego la demolieron. Jerusal\u00e9n ocupada, 25 ene (SANA)\u00a0 Las fuerzas de ocupaci\u00f3n israel\u00edes asaltaron el distrito al-Salam en la ciudad de Anata en Jerusal\u00e9n ocupada, donde demolieron la casa del m\u00e1rtir Uday al-Tamimi. Seg\u00fan informaron &hellip;<\/p>\n","protected":false},"author":42,"featured_media":284222,"comment_status":"closed","ping_status":"closed","sticky":false,"template":"","format":"standard","meta":{"footnotes":""},"categories":[597,456,16687,20724,7541],"tags":[],"class_list":["post-284221","post","type-post","status-publish","format-standard","has-post-thumbnail","","category-cinta-de-noticias","category-arabe-internacional-politica","category-internacionales","category-minuto-a-minuto","category-ultimas-noticias"],"_links":{"self":[{"href":"https:\/\/archive.sana.sy\/es\/index.php?rest_route=\/wp\/v2\/posts\/284221"}],"collection":[{"href":"https:\/\/archive.sana.sy\/es\/index.php?rest_route=\/wp\/v2\/posts"}],"about":[{"href":"https:\/\/archive.sana.sy\/es\/index.php?rest_route=\/wp\/v2\/types\/post"}],"author":[{"embeddable":true,"href":"https:\/\/archive.sana.sy\/es\/index.php?rest_route=\/wp\/v2\/users\/42"}],"replies":[{"embeddable":true,"href":"https:\/\/archive.sana.sy\/es\/index.php?rest_route=%2Fwp%2Fv2%2Fcomments&post=284221"}],"version-history":[{"count":0,"href":"https:\/\/archive.sana.sy\/es\/index.php?rest_route=\/wp\/v2\/posts\/284221\/revisions"}],"wp:featuredmedia":[{"embeddable":true,"href":"https:\/\/archive.sana.sy\/es\/index.php?rest_route=\/wp\/v2\/media\/284222"}],"wp:attachment":[{"href":"https:\/\/archive.sana.sy\/es\/index.php?rest_route=%2Fwp%2Fv2%2Fmedia&parent=284221"}],"wp:term":[{"taxonomy":"category","embeddable":true,"href":"https:\/\/archive.sana.sy\/es\/index.php?rest_route=%2Fwp%2Fv2%2Fcategories&post=284221"},{"taxonomy":"post_tag","embeddable":true,"href":"https:\/\/archive.sana.sy\/es\/index.php?rest_route=%2Fwp%2Fv2%2Ftags&post=284221"}],"curies":[{"name":"wp","href":"https:\/\/api.w.org\/{rel}","templated":true}]}}