{"id":284227,"date":"2023-01-25T13:49:25","date_gmt":"2023-01-25T11:49:25","guid":{"rendered":"http:\/\/107.6.182.27\/es\/?p=284227"},"modified":"2023-01-25T13:49:25","modified_gmt":"2023-01-25T11:49:25","slug":"las-unidades-de-combate-rusas-avanzan-hacia-artemovsk","status":"publish","type":"post","link":"https:\/\/archive.sana.sy\/es\/?p=284227","title":{"rendered":"Las unidades de combate rusas avanzan hacia Artemovsk"},"content":{"rendered":"<blockquote>\n<p style=\"text-align: justify;\"><strong>\u201cLas unidades militares, en particular el Grupo Wagner ruso, se est\u00e1n moviendo hacia Artemovsk, mientras contin\u00faan los combates en todas las \u00e1reas circundantes y en las afueras de la ciudad\u201d, dijo Pushilin a los periodistas citado por la agencia de noticias Novosti.<\/strong><\/p>\n<\/blockquote>\n<p style=\"text-align: justify;\"><span style=\"color: #800000;\"><strong>Donetsk, 25 ene (SANA)\u00a0<\/strong> <\/span>\u00a0El gobernador interino de la Rep\u00fablica Popular de Donetsk, Denis Pushilin, afirm\u00f3 que las unidades de combate rusas avanzan hacia la ciudad de Artemovsk con el fin de liberarla.<\/p>\n<p style=\"text-align: justify;\">\u201cLas unidades militares, en particular el Grupo Wagner ruso, se est\u00e1n moviendo hacia Artemovsk, mientras contin\u00faan los combates en todas las \u00e1reas circundantes y en las afueras de la ciudad\u201d, dijo Pushilin a los periodistas citado por la agencia de noticias Novosti. .<\/p>\n<p style=\"text-align: justify;\">La ciudad de Artemovsk est\u00e1 ubicada al norte de Gorlovka en la parte controlada por las fuerzas ucranianas, y es un importante centro de transporte y suministro para esas fuerzas en el Donbass.<\/p>\n<p style=\"text-align: justify;\">fm\/ed<\/p>\n","protected":false},"excerpt":{"rendered":"<p>\u201cLas unidades militares, en particular el Grupo Wagner ruso, se est\u00e1n moviendo hacia Artemovsk, mientras contin\u00faan los combates en todas las \u00e1reas circundantes y en las afueras de la ciudad\u201d, dijo Pushilin a los periodistas citado por la agencia de noticias Novosti. Donetsk, 25 ene (SANA)\u00a0 \u00a0El gobernador interino de la Rep\u00fablica Popular de Donetsk, &hellip;<\/p>\n","protected":false},"author":34,"featured_media":284228,"comment_status":"closed","ping_status":"closed","sticky":false,"template":"","format":"standard","meta":{"footnotes":""},"categories":[597,456,16687,7541],"tags":[],"class_list":["post-284227","post","type-post","status-publish","format-standard","has-post-thumbnail","","category-cinta-de-noticias","category-arabe-internacional-politica","category-internacionales","category-ultimas-noticias"],"_links":{"self":[{"href":"https:\/\/archive.sana.sy\/es\/index.php?rest_route=\/wp\/v2\/posts\/284227"}],"collection":[{"href":"https:\/\/archive.sana.sy\/es\/index.php?rest_route=\/wp\/v2\/posts"}],"about":[{"href":"https:\/\/archive.sana.sy\/es\/index.php?rest_route=\/wp\/v2\/types\/post"}],"author":[{"embeddable":true,"href":"https:\/\/archive.sana.sy\/es\/index.php?rest_route=\/wp\/v2\/users\/34"}],"replies":[{"embeddable":true,"href":"https:\/\/archive.sana.sy\/es\/index.php?rest_route=%2Fwp%2Fv2%2Fcomments&post=284227"}],"version-history":[{"count":0,"href":"https:\/\/archive.sana.sy\/es\/index.php?rest_route=\/wp\/v2\/posts\/284227\/revisions"}],"wp:featuredmedia":[{"embeddable":true,"href":"https:\/\/archive.sana.sy\/es\/index.php?rest_route=\/wp\/v2\/media\/284228"}],"wp:attachment":[{"href":"https:\/\/archive.sana.sy\/es\/index.php?rest_route=%2Fwp%2Fv2%2Fmedia&parent=284227"}],"wp:term":[{"taxonomy":"category","embeddable":true,"href":"https:\/\/archive.sana.sy\/es\/index.php?rest_route=%2Fwp%2Fv2%2Fcategories&post=284227"},{"taxonomy":"post_tag","embeddable":true,"href":"https:\/\/archive.sana.sy\/es\/index.php?rest_route=%2Fwp%2Fv2%2Ftags&post=284227"}],"curies":[{"name":"wp","href":"https:\/\/api.w.org\/{rel}","templated":true}]}}