{"id":284245,"date":"2023-01-25T16:07:06","date_gmt":"2023-01-25T14:07:06","guid":{"rendered":"http:\/\/107.6.182.27\/es\/?p=284245"},"modified":"2023-01-25T16:08:04","modified_gmt":"2023-01-25T14:08:04","slug":"17-anos-de-castigo-colectivo-israeli-contra-dos-millones-de-palestinos-en-gaza-datos-y-cifras","status":"publish","type":"post","link":"https:\/\/archive.sana.sy\/es\/?p=284245","title":{"rendered":"17 a\u00f1os de castigo colectivo israel\u00ed contra dos millones de palestinos en Gaza (datos y cifras)"},"content":{"rendered":"<blockquote>\n<p style=\"text-align: justify\"><span style=\"color: #800000\"><strong><em>A la comunidad internacional no le importa el sufrimiento de 2,3 millones de palestinos que son castigados colectivamente en un \u00e1rea geogr\u00e1fica limitada y aislada.<\/em><\/strong><\/span><\/p>\n<\/blockquote>\n<p style=\"text-align: justify\"><strong><span style=\"color: #800000\">Jerusal\u00e9n ocupada, 25 ene (SANA)<\/span><\/strong> El pueblo palestino en la Franja de Gaza sigue sometido a un castigo colectivo por parte de \u201cIsrael\u201d desde hace m\u00e1s de 17 a\u00f1os, en medio de un silencia internacional, pese a que todas las convenciones de la ONU proh\u00edben este tipo de acciones inhumanas.<\/p>\n<p style=\"text-align: justify\">Aqu\u00ed les ofrecemos algunos datos que reflejan las p\u00e9simas condiciones de derechos humanos en las que vive la poblaci\u00f3n de Gaza:<\/p>\n<p style=\"text-align: justify\">\uf076 El ocupante impuso un bloqueo a la Franja en 2006 y lo endureci\u00f3 en junio de 2007.<\/p>\n<p style=\"text-align: justify\">\uf076 La situaci\u00f3n humanitaria en Gaza est\u00e1 empeorando ante la actitud negativa de la comunidad internacional hacia el asedio aplicado por el ocupante israel\u00ed.<\/p>\n<p style=\"text-align: justify\">\uf076 A la comunidad internacional no le importa el sufrimiento de 2,3 millones de palestinos que son castigados colectivamente en un \u00e1rea geogr\u00e1fica limitada y aislada.<\/p>\n<p style=\"text-align: justify\">\uf076 El bloqueo israel\u00ed ha afectado de forma significativa a todos los sectores econ\u00f3micos y humanitarios, y la recuperaci\u00f3n requiere que el ocupante levante las restricciones.<\/p>\n<p style=\"text-align: justify\">\uf076 Un aumento de la tasa de desempleo al 47 por ciento y m\u00e1s del 61 por ciento de la poblaci\u00f3n de la Franja se encuentran en pobreza.<\/p>\n<p style=\"text-align: justify\">\uf076 Cerrar cientos de f\u00e1bricas y despedir a miles de trabajadores como resultado de la escasez de materias primas y la actual crisis de combustible y electricidad.<\/p>\n<p style=\"text-align: justify\">\uf076 El 53 por ciento de las personas sufre de inseguridad alimentaria.<\/p>\n<p style=\"text-align: justify\">\uf076 Un deterioro significativo en el sector salud debido al insuficiente suministro de medicamentos, insumos m\u00e9dicos e equipos de laboratorios y de bancos de sangre.<br \/>\n\uf076 Impedir el ingreso de dispositivos m\u00e9dicos, en particular de radiodiagn\u00f3stico, y prohibir la entrada de repuestos necesarios para el mantenimiento de dispositivos m\u00e9dicos que salieron del funcionamiento.<\/p>\n<p style=\"text-align: justify\">\uf076 El sector pesquero se ha visto gravemente da\u00f1ado debido a los ataques israel\u00edes diarios contra los pescadores y prohibir la comercializaci\u00f3n de pescado en Cisjordania.<\/p>\n<p style=\"text-align: justify\">\uf076 Las p\u00e9rdidas del sector agr\u00edcola a consecuencia del bloqueo y las agresiones israel\u00edes entre 2006 y 2022 ascendieron a unos 1.300 millones de d\u00f3lares.<\/p>\n<p style=\"text-align: justify\">Estos datos constituyen un llamado a las Naciones Unidas para que asuma sus responsabilidades y presione al ocupante a poner fin al injusto asedio y detener todas las modalidades de castigo colectivo aplicado contra m\u00e1s de 2 millones de palestinos en la Franja.<\/p>\n<p style=\"text-align: justify\">la\/fm<\/p>\n","protected":false},"excerpt":{"rendered":"<p>A la comunidad internacional no le importa el sufrimiento de 2,3 millones de palestinos que son castigados colectivamente en un \u00e1rea geogr\u00e1fica limitada y aislada. Jerusal\u00e9n ocupada, 25 ene (SANA) El pueblo palestino en la Franja de Gaza sigue sometido a un castigo colectivo por parte de \u201cIsrael\u201d desde hace m\u00e1s de 17 a\u00f1os, en &hellip;<\/p>\n","protected":false},"author":24,"featured_media":284246,"comment_status":"closed","ping_status":"closed","sticky":false,"template":"","format":"standard","meta":{"footnotes":""},"categories":[447,597,456,16687,448,583],"tags":[],"class_list":["post-284245","post","type-post","status-publish","format-standard","has-post-thumbnail","","category-local-politica","category-cinta-de-noticias","category-arabe-internacional-politica","category-internacionales","category-noticias","category-slide"],"_links":{"self":[{"href":"https:\/\/archive.sana.sy\/es\/index.php?rest_route=\/wp\/v2\/posts\/284245"}],"collection":[{"href":"https:\/\/archive.sana.sy\/es\/index.php?rest_route=\/wp\/v2\/posts"}],"about":[{"href":"https:\/\/archive.sana.sy\/es\/index.php?rest_route=\/wp\/v2\/types\/post"}],"author":[{"embeddable":true,"href":"https:\/\/archive.sana.sy\/es\/index.php?rest_route=\/wp\/v2\/users\/24"}],"replies":[{"embeddable":true,"href":"https:\/\/archive.sana.sy\/es\/index.php?rest_route=%2Fwp%2Fv2%2Fcomments&post=284245"}],"version-history":[{"count":0,"href":"https:\/\/archive.sana.sy\/es\/index.php?rest_route=\/wp\/v2\/posts\/284245\/revisions"}],"wp:featuredmedia":[{"embeddable":true,"href":"https:\/\/archive.sana.sy\/es\/index.php?rest_route=\/wp\/v2\/media\/284246"}],"wp:attachment":[{"href":"https:\/\/archive.sana.sy\/es\/index.php?rest_route=%2Fwp%2Fv2%2Fmedia&parent=284245"}],"wp:term":[{"taxonomy":"category","embeddable":true,"href":"https:\/\/archive.sana.sy\/es\/index.php?rest_route=%2Fwp%2Fv2%2Fcategories&post=284245"},{"taxonomy":"post_tag","embeddable":true,"href":"https:\/\/archive.sana.sy\/es\/index.php?rest_route=%2Fwp%2Fv2%2Ftags&post=284245"}],"curies":[{"name":"wp","href":"https:\/\/api.w.org\/{rel}","templated":true}]}}