{"id":284261,"date":"2023-01-25T14:14:16","date_gmt":"2023-01-25T12:14:16","guid":{"rendered":"http:\/\/107.6.182.27\/es\/?p=284261"},"modified":"2023-01-25T17:17:14","modified_gmt":"2023-01-25T15:17:14","slug":"homs-produjo-mas-de-13-mil-toneladas-de-aceite-de-oliva","status":"publish","type":"post","link":"https:\/\/archive.sana.sy\/es\/?p=284261","title":{"rendered":"Homs produjo m\u00e1s de 13 mil toneladas de aceite de oliva en 2022"},"content":{"rendered":"<p style=\"text-align: justify\"><span style=\"color: #800000\"><strong>Homs, 25 ene (SANA)<\/strong><\/span> El Director de Agricultura de Homs, Ing. Younis Hamdan, revel\u00f3 que la producci\u00f3n de aceitunas de la provincia central para la temporada 2022 presenci\u00f3 un crecimiento donde lleg\u00f3 a 35 mil toneladas en comparaci\u00f3n con el a\u00f1o 2021.<\/p>\n<p style=\"text-align: justify\">\u201cEste aumento fue producto de las condiciones clim\u00e1ticas favorables\u201d, destac\u00f3.<\/p>\n<p style=\"text-align: justify\">Asimismo se\u00f1al\u00f3 que la producci\u00f3n de aceite de oliva en 2022 super\u00f3 las 13,5 mil toneladas, mientras que la producci\u00f3n en 2021 alcanz\u00f3 solo 7128 toneladas.<\/p>\n<p style=\"text-align: justify\">El jefe de la oficina de Comercializaci\u00f3n de la Uni\u00f3n de Agricultores en Homs, Wafa al-Masry, indic\u00f3 que los agricultores comercializan sus cosechas de forma individual seg\u00fan el principio de oferta y demanda y de acuerdo con las especificaciones.<\/p>\n<p style=\"text-align: justify\">la<\/p>\n","protected":false},"excerpt":{"rendered":"<p>Homs, 25 ene (SANA) El Director de Agricultura de Homs, Ing. Younis Hamdan, revel\u00f3 que la producci\u00f3n de aceitunas de la provincia central para la temporada 2022 presenci\u00f3 un crecimiento donde lleg\u00f3 a 35 mil toneladas en comparaci\u00f3n con el a\u00f1o 2021. \u201cEste aumento fue producto de las condiciones clim\u00e1ticas favorables\u201d, destac\u00f3. Asimismo se\u00f1al\u00f3 que &hellip;<\/p>\n","protected":false},"author":24,"featured_media":284262,"comment_status":"closed","ping_status":"closed","sticky":false,"template":"","format":"standard","meta":{"footnotes":""},"categories":[447,597,20724,476,448,7541],"tags":[],"class_list":["post-284261","post","type-post","status-publish","format-standard","has-post-thumbnail","","category-local-politica","category-cinta-de-noticias","category-minuto-a-minuto","category-locales","category-noticias","category-ultimas-noticias"],"_links":{"self":[{"href":"https:\/\/archive.sana.sy\/es\/index.php?rest_route=\/wp\/v2\/posts\/284261"}],"collection":[{"href":"https:\/\/archive.sana.sy\/es\/index.php?rest_route=\/wp\/v2\/posts"}],"about":[{"href":"https:\/\/archive.sana.sy\/es\/index.php?rest_route=\/wp\/v2\/types\/post"}],"author":[{"embeddable":true,"href":"https:\/\/archive.sana.sy\/es\/index.php?rest_route=\/wp\/v2\/users\/24"}],"replies":[{"embeddable":true,"href":"https:\/\/archive.sana.sy\/es\/index.php?rest_route=%2Fwp%2Fv2%2Fcomments&post=284261"}],"version-history":[{"count":0,"href":"https:\/\/archive.sana.sy\/es\/index.php?rest_route=\/wp\/v2\/posts\/284261\/revisions"}],"wp:featuredmedia":[{"embeddable":true,"href":"https:\/\/archive.sana.sy\/es\/index.php?rest_route=\/wp\/v2\/media\/284262"}],"wp:attachment":[{"href":"https:\/\/archive.sana.sy\/es\/index.php?rest_route=%2Fwp%2Fv2%2Fmedia&parent=284261"}],"wp:term":[{"taxonomy":"category","embeddable":true,"href":"https:\/\/archive.sana.sy\/es\/index.php?rest_route=%2Fwp%2Fv2%2Fcategories&post=284261"},{"taxonomy":"post_tag","embeddable":true,"href":"https:\/\/archive.sana.sy\/es\/index.php?rest_route=%2Fwp%2Fv2%2Ftags&post=284261"}],"curies":[{"name":"wp","href":"https:\/\/api.w.org\/{rel}","templated":true}]}}