{"id":284333,"date":"2023-01-26T10:06:04","date_gmt":"2023-01-26T08:06:04","guid":{"rendered":"http:\/\/107.6.182.27\/es\/?p=284333"},"modified":"2023-01-26T10:06:04","modified_gmt":"2023-01-26T08:06:04","slug":"las-fuerzas-rusas-entran-en-la-ciudad-de-ugledar-en-donetsk","status":"publish","type":"post","link":"https:\/\/archive.sana.sy\/es\/?p=284333","title":{"rendered":"Las fuerzas rusas entran en la ciudad de Ugledar, en Donetsk"},"content":{"rendered":"<blockquote>\n<p style=\"text-align: justify;\"><span style=\"color: #000000;\"><em><strong>\u201cNuestras fuerzas entraron en Ugledar y se atrincheraron all\u00ed, lo que restringi\u00f3 el movimiento de las fuerzas del r\u00e9gimen de Kiev\u201d<\/strong><\/em><\/span><\/p>\n<\/blockquote>\n<p style=\"text-align: justify;\"><span style=\"color: #800000;\"><strong>Donetsk, 26 ene (SANA)<\/strong> <\/span>El asesor del presidente interino de la Rep\u00fablica Popular de Donetsk, Igor Kimakovsky, anunci\u00f3 que las fuerzas rusas han reforzado su control sobre los suburbios de la ciudad de Ulgedar y contin\u00faan luchando contra las fuerzas del r\u00e9gimen ucraniano all\u00e1.<\/p>\n<p style=\"text-align: justify;\">\u201cNuestras fuerzas entraron en Ugledar y se atrincheraron all\u00ed, lo que restringi\u00f3 el movimiento de las fuerzas del r\u00e9gimen de Kiev\u201d, dijo Kimakovsky, citado por la agencia de noticias TASS.<\/p>\n<p style=\"text-align: justify;\">El Ministerio de Defensa ruso anunci\u00f3 a principios de este mes, que sus unidades hab\u00edan avanzado cerca del \u00e1rea de Ugledar.<\/p>\n<p style=\"text-align: justify;\">fm\/as<\/p>\n","protected":false},"excerpt":{"rendered":"<p>\u201cNuestras fuerzas entraron en Ugledar y se atrincheraron all\u00ed, lo que restringi\u00f3 el movimiento de las fuerzas del r\u00e9gimen de Kiev\u201d Donetsk, 26 ene (SANA) El asesor del presidente interino de la Rep\u00fablica Popular de Donetsk, Igor Kimakovsky, anunci\u00f3 que las fuerzas rusas han reforzado su control sobre los suburbios de la ciudad de Ulgedar &hellip;<\/p>\n","protected":false},"author":42,"featured_media":284334,"comment_status":"closed","ping_status":"closed","sticky":false,"template":"","format":"standard","meta":{"footnotes":""},"categories":[597,456,16687,20724,7541],"tags":[],"class_list":["post-284333","post","type-post","status-publish","format-standard","has-post-thumbnail","","category-cinta-de-noticias","category-arabe-internacional-politica","category-internacionales","category-minuto-a-minuto","category-ultimas-noticias"],"_links":{"self":[{"href":"https:\/\/archive.sana.sy\/es\/index.php?rest_route=\/wp\/v2\/posts\/284333"}],"collection":[{"href":"https:\/\/archive.sana.sy\/es\/index.php?rest_route=\/wp\/v2\/posts"}],"about":[{"href":"https:\/\/archive.sana.sy\/es\/index.php?rest_route=\/wp\/v2\/types\/post"}],"author":[{"embeddable":true,"href":"https:\/\/archive.sana.sy\/es\/index.php?rest_route=\/wp\/v2\/users\/42"}],"replies":[{"embeddable":true,"href":"https:\/\/archive.sana.sy\/es\/index.php?rest_route=%2Fwp%2Fv2%2Fcomments&post=284333"}],"version-history":[{"count":0,"href":"https:\/\/archive.sana.sy\/es\/index.php?rest_route=\/wp\/v2\/posts\/284333\/revisions"}],"wp:featuredmedia":[{"embeddable":true,"href":"https:\/\/archive.sana.sy\/es\/index.php?rest_route=\/wp\/v2\/media\/284334"}],"wp:attachment":[{"href":"https:\/\/archive.sana.sy\/es\/index.php?rest_route=%2Fwp%2Fv2%2Fmedia&parent=284333"}],"wp:term":[{"taxonomy":"category","embeddable":true,"href":"https:\/\/archive.sana.sy\/es\/index.php?rest_route=%2Fwp%2Fv2%2Fcategories&post=284333"},{"taxonomy":"post_tag","embeddable":true,"href":"https:\/\/archive.sana.sy\/es\/index.php?rest_route=%2Fwp%2Fv2%2Ftags&post=284333"}],"curies":[{"name":"wp","href":"https:\/\/api.w.org\/{rel}","templated":true}]}}