{"id":284336,"date":"2025-01-12T14:51:23","date_gmt":"2025-01-12T11:51:23","guid":{"rendered":"http:\/\/107.6.182.27\/es\/?p=284336"},"modified":"2025-01-12T14:51:17","modified_gmt":"2025-01-12T11:51:17","slug":"mezquita-tekkiye-joya-arquitectonica-en-el-centro-de-damasco-fotos","status":"publish","type":"post","link":"https:\/\/archive.sana.sy\/es\/?p=284336","title":{"rendered":"Mezquita Tekkiye, joya arquitect\u00f3nica en el centro de Damasco (+ fotos)"},"content":{"rendered":"<p style=\"text-align: justify;\"><strong><span style=\"color: #800000;\">Damasco, 31 may (SANA)<\/span>\u00a0 <\/strong>En el centro de Damasco, la capital siria, a una orilla del emblem\u00e1tico r\u00edo Barada, y al oeste de la famosa plaza Marjeh, se encuentra una de las obras cumbres de la arquitectura isl\u00e1mica.<\/p>\n<p style=\"text-align: justify;\"><img loading=\"lazy\" decoding=\"async\" class=\"size-medium wp-image-284338 alignright\" src=\"http:\/\/107.6.182.27\/es\/wp-content\/uploads\/2023\/01\/326449499_890552968955244_6599254756433781350_n-225x300.jpg\" alt=\"\" width=\"225\" height=\"300\" srcset=\"https:\/\/archive.sana.sy\/es\/wp-content\/uploads\/2023\/01\/326449499_890552968955244_6599254756433781350_n-225x300.jpg 225w, https:\/\/archive.sana.sy\/es\/wp-content\/uploads\/2023\/01\/326449499_890552968955244_6599254756433781350_n-113x150.jpg 113w, https:\/\/archive.sana.sy\/es\/wp-content\/uploads\/2023\/01\/326449499_890552968955244_6599254756433781350_n.jpg 720w\" sizes=\"(max-width: 225px) 100vw, 225px\" \/>La Mezquita Tekkiye, un gran monumento construido por orden de Suleim\u00e1n el Magn\u00edfico en 1554 d.C y llev\u00f3 su nombre (Tekkiye de Suleim\u00e1n).<\/p>\n<p>El gran arquitecto Mimar Sinan fue quien dise\u00f1\u00f3 su construcci\u00f3n con la participaci\u00f3n del arquitecto damasceno Shihab al-Din Ahmad ibn al-Attar.<\/p>\n<p style=\"text-align: justify;\">Sinan fue durante cincuenta a\u00f1os el responsable de la construcci\u00f3n y supervisi\u00f3n de los edificios m\u00e1s importantes del Imperio otomano, adem\u00e1s de que sus logros art\u00edsticos revolucionaron la concepci\u00f3n est\u00e9tica del Islam.<\/p>\n<p style=\"text-align: justify;\">Uno de los partes m\u00e1s importantes de este monumento es el mercado de artesan\u00edas, que fue inaugurado en los a\u00f1os setenta del siglo pasado y se convirti\u00f3 en un destino para turistas y lugare\u00f1os, ya que alberga a varios de los artesanos m\u00e1s h\u00e1biles de Damasco, quienes dominan alrededor de una veintena de profesiones famosas como plater\u00eda, adornos manuales, tallado en madera, mosaicos, incrustaciones de n\u00e1car, alfombras y bordados orientales, los brocados, las vidrieras, la alfarer\u00eda, el cuero y la fabricaci\u00f3n de los laudes damascenos.<\/p>\n<p style=\"text-align: justify;\">Hoy, estas tiendas se han trasladado a otro lugar al oeste de Damasco, a la espera de que finalice las obras de restauraci\u00f3n de este gran monumento.<\/p>\n<div id='gallery-1' class='gallery galleryid-284336 gallery-columns-1 gallery-size-full'><figure class='gallery-item'>\n\t\t\t<div class='gallery-icon landscape'>\n\t\t\t\t<a href='https:\/\/archive.sana.sy\/es\/wp-content\/uploads\/2023\/01\/WAS9602-copy.jpg'><img loading=\"lazy\" decoding=\"async\" width=\"660\" height=\"440\" src=\"https:\/\/archive.sana.sy\/es\/wp-content\/uploads\/2023\/01\/WAS9602-copy.jpg\" class=\"attachment-full size-full\" alt=\"\" srcset=\"https:\/\/archive.sana.sy\/es\/wp-content\/uploads\/2023\/01\/WAS9602-copy.jpg 660w, https:\/\/archive.sana.sy\/es\/wp-content\/uploads\/2023\/01\/WAS9602-copy-300x200.jpg 300w, https:\/\/archive.sana.sy\/es\/wp-content\/uploads\/2023\/01\/WAS9602-copy-150x100.jpg 150w\" sizes=\"(max-width: 660px) 100vw, 660px\" \/><\/a>\n\t\t\t<\/div><\/figure><figure class='gallery-item'>\n\t\t\t<div class='gallery-icon landscape'>\n\t\t\t\t<a href='https:\/\/archive.sana.sy\/es\/wp-content\/uploads\/2023\/01\/WAS9861-copy.jpg'><img loading=\"lazy\" decoding=\"async\" width=\"660\" height=\"440\" src=\"https:\/\/archive.sana.sy\/es\/wp-content\/uploads\/2023\/01\/WAS9861-copy.jpg\" class=\"attachment-full size-full\" alt=\"\" srcset=\"https:\/\/archive.sana.sy\/es\/wp-content\/uploads\/2023\/01\/WAS9861-copy.jpg 660w, https:\/\/archive.sana.sy\/es\/wp-content\/uploads\/2023\/01\/WAS9861-copy-300x200.jpg 300w, https:\/\/archive.sana.sy\/es\/wp-content\/uploads\/2023\/01\/WAS9861-copy-150x100.jpg 150w\" sizes=\"(max-width: 660px) 100vw, 660px\" \/><\/a>\n\t\t\t<\/div><\/figure>\n\t\t<\/div>\n\n<p style=\"text-align: justify;\"><em><strong>ws\/fm<\/strong><\/em><\/p>\n","protected":false},"excerpt":{"rendered":"<p>Damasco, 31 may (SANA)\u00a0 En el centro de Damasco, la capital siria, a una orilla del emblem\u00e1tico r\u00edo Barada, y al oeste de la famosa plaza Marjeh, se encuentra una de las obras cumbres de la arquitectura isl\u00e1mica. La Mezquita Tekkiye, un gran monumento construido por orden de Suleim\u00e1n el Magn\u00edfico en 1554 d.C y &hellip;<\/p>\n","protected":false},"author":35,"featured_media":284337,"comment_status":"closed","ping_status":"closed","sticky":false,"template":"","format":"standard","meta":{"footnotes":""},"categories":[597,510,583,18781],"tags":[],"class_list":["post-284336","post","type-post","status-publish","format-standard","has-post-thumbnail","","category-cinta-de-noticias","category-arte-y-cultura","category-slide","category-vistazos-sobre-siria"],"_links":{"self":[{"href":"https:\/\/archive.sana.sy\/es\/index.php?rest_route=\/wp\/v2\/posts\/284336"}],"collection":[{"href":"https:\/\/archive.sana.sy\/es\/index.php?rest_route=\/wp\/v2\/posts"}],"about":[{"href":"https:\/\/archive.sana.sy\/es\/index.php?rest_route=\/wp\/v2\/types\/post"}],"author":[{"embeddable":true,"href":"https:\/\/archive.sana.sy\/es\/index.php?rest_route=\/wp\/v2\/users\/35"}],"replies":[{"embeddable":true,"href":"https:\/\/archive.sana.sy\/es\/index.php?rest_route=%2Fwp%2Fv2%2Fcomments&post=284336"}],"version-history":[{"count":2,"href":"https:\/\/archive.sana.sy\/es\/index.php?rest_route=\/wp\/v2\/posts\/284336\/revisions"}],"predecessor-version":[{"id":330627,"href":"https:\/\/archive.sana.sy\/es\/index.php?rest_route=\/wp\/v2\/posts\/284336\/revisions\/330627"}],"wp:featuredmedia":[{"embeddable":true,"href":"https:\/\/archive.sana.sy\/es\/index.php?rest_route=\/wp\/v2\/media\/284337"}],"wp:attachment":[{"href":"https:\/\/archive.sana.sy\/es\/index.php?rest_route=%2Fwp%2Fv2%2Fmedia&parent=284336"}],"wp:term":[{"taxonomy":"category","embeddable":true,"href":"https:\/\/archive.sana.sy\/es\/index.php?rest_route=%2Fwp%2Fv2%2Fcategories&post=284336"},{"taxonomy":"post_tag","embeddable":true,"href":"https:\/\/archive.sana.sy\/es\/index.php?rest_route=%2Fwp%2Fv2%2Ftags&post=284336"}],"curies":[{"name":"wp","href":"https:\/\/api.w.org\/{rel}","templated":true}]}}