{"id":284345,"date":"2023-01-26T11:05:28","date_gmt":"2023-01-26T09:05:28","guid":{"rendered":"http:\/\/107.6.182.27\/es\/?p=284345"},"modified":"2023-01-26T15:49:46","modified_gmt":"2023-01-26T13:49:46","slug":"ocho-martires-palestinos-incluida-una-anciana-en-una-nueva-masacre-israeli-contra-los-palestinos-en-jenin","status":"publish","type":"post","link":"https:\/\/archive.sana.sy\/es\/?p=284345","title":{"rendered":"Ocho m\u00e1rtires palestinos, incluida una anciana, en una nueva masacre israel\u00ed contra los palestinos en Jenin"},"content":{"rendered":"<p style=\"text-align: justify;\"><span style=\"color: #800000;\"><strong>Jerusal\u00e9n ocupada, 26 ene (SANA)<\/strong><\/span>\u00a0 El Ministerio de Salud palestino anunci\u00f3 hoy que la cifra de m\u00e1rtires ca\u00eddos a manos de las tropas israel\u00edes que asaltaron la Jenin y su campamento, ascendi\u00f3 a ocho, incluida una anciana, mientras 16 resultaron heridos, entre ellos cuatro de gravedad.<\/p>\n<p style=\"text-align: justify;\">La ministra de Salud, Mai Al-Kaila, afirm\u00f3 que la situaci\u00f3n es muy cr\u00edtica, y que la Media Luna Roja confirm\u00f3 que hay muchos heridos, incluidos casos cr\u00edticos, y es dif\u00edcil evacuarlos, ya que las fuerzas de ocupaci\u00f3n impiden que las ambulancias entren al campamento.<\/p>\n<p style=\"text-align: justify;\">Denunci\u00f3 que las fuerzas de ocupaci\u00f3n irrumpieron en el Hospital Jenin y dispararon deliberadamente bombas de gas lacrim\u00f3geno contra el departamento de pediatr\u00eda del hospital, causando asfixia a los ni\u00f1os.<\/p>\n<p style=\"text-align: justify;\">Un gran n\u00famero de las fuerzas de ocupaci\u00f3n irrumpieron en la ciudad de Jenin y su campamento desde horas tempranas de este jueves. Asimismo, las autoridades impidieron que los periodistas y los equipos de ambulancia entraran al campamento.<\/p>\n<p style=\"text-align: justify;\"><em><strong>fm\/ws<\/strong><\/em><\/p>\n","protected":false},"excerpt":{"rendered":"<p>Jerusal\u00e9n ocupada, 26 ene (SANA)\u00a0 El Ministerio de Salud palestino anunci\u00f3 hoy que la cifra de m\u00e1rtires ca\u00eddos a manos de las tropas israel\u00edes que asaltaron la Jenin y su campamento, ascendi\u00f3 a ocho, incluida una anciana, mientras 16 resultaron heridos, entre ellos cuatro de gravedad. La ministra de Salud, Mai Al-Kaila, afirm\u00f3 que la &hellip;<\/p>\n","protected":false},"author":35,"featured_media":284409,"comment_status":"closed","ping_status":"closed","sticky":false,"template":"","format":"standard","meta":{"footnotes":""},"categories":[597,456,16687,20724,583],"tags":[],"class_list":["post-284345","post","type-post","status-publish","format-standard","has-post-thumbnail","","category-cinta-de-noticias","category-arabe-internacional-politica","category-internacionales","category-minuto-a-minuto","category-slide"],"_links":{"self":[{"href":"https:\/\/archive.sana.sy\/es\/index.php?rest_route=\/wp\/v2\/posts\/284345"}],"collection":[{"href":"https:\/\/archive.sana.sy\/es\/index.php?rest_route=\/wp\/v2\/posts"}],"about":[{"href":"https:\/\/archive.sana.sy\/es\/index.php?rest_route=\/wp\/v2\/types\/post"}],"author":[{"embeddable":true,"href":"https:\/\/archive.sana.sy\/es\/index.php?rest_route=\/wp\/v2\/users\/35"}],"replies":[{"embeddable":true,"href":"https:\/\/archive.sana.sy\/es\/index.php?rest_route=%2Fwp%2Fv2%2Fcomments&post=284345"}],"version-history":[{"count":0,"href":"https:\/\/archive.sana.sy\/es\/index.php?rest_route=\/wp\/v2\/posts\/284345\/revisions"}],"wp:featuredmedia":[{"embeddable":true,"href":"https:\/\/archive.sana.sy\/es\/index.php?rest_route=\/wp\/v2\/media\/284409"}],"wp:attachment":[{"href":"https:\/\/archive.sana.sy\/es\/index.php?rest_route=%2Fwp%2Fv2%2Fmedia&parent=284345"}],"wp:term":[{"taxonomy":"category","embeddable":true,"href":"https:\/\/archive.sana.sy\/es\/index.php?rest_route=%2Fwp%2Fv2%2Fcategories&post=284345"},{"taxonomy":"post_tag","embeddable":true,"href":"https:\/\/archive.sana.sy\/es\/index.php?rest_route=%2Fwp%2Fv2%2Ftags&post=284345"}],"curies":[{"name":"wp","href":"https:\/\/api.w.org\/{rel}","templated":true}]}}