{"id":284371,"date":"2023-01-26T12:58:33","date_gmt":"2023-01-26T10:58:33","guid":{"rendered":"http:\/\/107.6.182.27\/es\/?p=284371"},"modified":"2023-01-26T12:59:39","modified_gmt":"2023-01-26T10:59:39","slug":"ministra-de-cultura-repasa-con-embajador-de-brasil-la-cooperacion-bilateral","status":"publish","type":"post","link":"https:\/\/archive.sana.sy\/es\/?p=284371","title":{"rendered":"Ministra de Cultura repasa con embajador de Brasil la cooperaci\u00f3n bilateral"},"content":{"rendered":"<blockquote>\n<p style=\"text-align: justify;\"><span style=\"color: #ff0000;\"><strong><em>La ministra de Cultura, Lubana Mushawah, sugiri\u00f3 la posibilidad de organizar una jornada de cine brasile\u00f1o en Damasco, realizar exposiciones de artes pl\u00e1sticas, intercambiar m\u00fasicos y acoger grupos folcl\u00f3ricos brasile\u00f1os.<\/em><\/strong><\/span><\/p>\n<\/blockquote>\n<p style=\"text-align: justify;\"><span style=\"color: #800000;\"><strong>Damasco, 26 ene (SANA)\u00a0<\/strong><\/span> La ministra de Cultura, Lubana Mushawah, examin\u00f3 con el embajador de la Rep\u00fablica Federativa del Brasil en Damasco, Andr\u00e9 Santos, las v\u00edas de desarrollar la cooperaci\u00f3n cultural.<\/p>\n<p>Ambas partes ratificaron las arraigadas relaciones entre dos naciones, adem\u00e1s de destacar la importancia de organizar eventos culturales de acuerdo a un programa ejecutivo de cooperaci\u00f3n.<\/p>\n<p>Mushawah se\u00f1al\u00f3 la necesidad de transmitir la imagen real del patrimonio cultural y civilizado de Siria al pueblo brasile\u00f1o, y tambi\u00e9n introducir al pueblo sirio la cultura y civilizaci\u00f3n brasile\u00f1as.<\/p>\n<p>Asimismo, sugiri\u00f3 la posibilidad de organizar una jornada de cine brasile\u00f1o en Damasco, realizar exposiciones de artes pl\u00e1sticas, intercambiar m\u00fasicos y acoger grupos folcl\u00f3ricos brasile\u00f1os.<\/p>\n<div id='gallery-1' class='gallery galleryid-284371 gallery-columns-1 gallery-size-full'><figure class='gallery-item'>\n\t\t\t<div class='gallery-icon landscape'>\n\t\t\t\t<a href='https:\/\/archive.sana.sy\/es\/wp-content\/uploads\/2023\/01\/\u0644\u0627\u0644\u0627\u0644\u0627\u0644\u0627\u0644\u0627-1.jpg'><img loading=\"lazy\" decoding=\"async\" width=\"660\" height=\"370\" src=\"https:\/\/archive.sana.sy\/es\/wp-content\/uploads\/2023\/01\/\u0644\u0627\u0644\u0627\u0644\u0627\u0644\u0627\u0644\u0627-1.jpg\" class=\"attachment-full size-full\" alt=\"\" srcset=\"https:\/\/archive.sana.sy\/es\/wp-content\/uploads\/2023\/01\/\u0644\u0627\u0644\u0627\u0644\u0627\u0644\u0627\u0644\u0627-1.jpg 660w, https:\/\/archive.sana.sy\/es\/wp-content\/uploads\/2023\/01\/\u0644\u0627\u0644\u0627\u0644\u0627\u0644\u0627\u0644\u0627-1-300x168.jpg 300w, https:\/\/archive.sana.sy\/es\/wp-content\/uploads\/2023\/01\/\u0644\u0627\u0644\u0627\u0644\u0627\u0644\u0627\u0644\u0627-1-150x84.jpg 150w\" sizes=\"(max-width: 660px) 100vw, 660px\" \/><\/a>\n\t\t\t<\/div><\/figure>\n\t\t<\/div>\n\n<p><strong><em>ws\/fm<\/em><\/strong><\/p>\n","protected":false},"excerpt":{"rendered":"<p>La ministra de Cultura, Lubana Mushawah, sugiri\u00f3 la posibilidad de organizar una jornada de cine brasile\u00f1o en Damasco, realizar exposiciones de artes pl\u00e1sticas, intercambiar m\u00fasicos y acoger grupos folcl\u00f3ricos brasile\u00f1os. Damasco, 26 ene (SANA)\u00a0 La ministra de Cultura, Lubana Mushawah, examin\u00f3 con el embajador de la Rep\u00fablica Federativa del Brasil en Damasco, Andr\u00e9 Santos, las &hellip;<\/p>\n","protected":false},"author":35,"featured_media":284372,"comment_status":"closed","ping_status":"closed","sticky":false,"template":"","format":"standard","meta":{"footnotes":""},"categories":[597,510,20724,7541],"tags":[],"class_list":["post-284371","post","type-post","status-publish","format-standard","has-post-thumbnail","","category-cinta-de-noticias","category-arte-y-cultura","category-minuto-a-minuto","category-ultimas-noticias"],"_links":{"self":[{"href":"https:\/\/archive.sana.sy\/es\/index.php?rest_route=\/wp\/v2\/posts\/284371"}],"collection":[{"href":"https:\/\/archive.sana.sy\/es\/index.php?rest_route=\/wp\/v2\/posts"}],"about":[{"href":"https:\/\/archive.sana.sy\/es\/index.php?rest_route=\/wp\/v2\/types\/post"}],"author":[{"embeddable":true,"href":"https:\/\/archive.sana.sy\/es\/index.php?rest_route=\/wp\/v2\/users\/35"}],"replies":[{"embeddable":true,"href":"https:\/\/archive.sana.sy\/es\/index.php?rest_route=%2Fwp%2Fv2%2Fcomments&post=284371"}],"version-history":[{"count":0,"href":"https:\/\/archive.sana.sy\/es\/index.php?rest_route=\/wp\/v2\/posts\/284371\/revisions"}],"wp:featuredmedia":[{"embeddable":true,"href":"https:\/\/archive.sana.sy\/es\/index.php?rest_route=\/wp\/v2\/media\/284372"}],"wp:attachment":[{"href":"https:\/\/archive.sana.sy\/es\/index.php?rest_route=%2Fwp%2Fv2%2Fmedia&parent=284371"}],"wp:term":[{"taxonomy":"category","embeddable":true,"href":"https:\/\/archive.sana.sy\/es\/index.php?rest_route=%2Fwp%2Fv2%2Fcategories&post=284371"},{"taxonomy":"post_tag","embeddable":true,"href":"https:\/\/archive.sana.sy\/es\/index.php?rest_route=%2Fwp%2Fv2%2Ftags&post=284371"}],"curies":[{"name":"wp","href":"https:\/\/api.w.org\/{rel}","templated":true}]}}