{"id":284387,"date":"2023-01-26T13:34:17","date_gmt":"2023-01-26T11:34:17","guid":{"rendered":"http:\/\/107.6.182.27\/es\/?p=284387"},"modified":"2023-01-26T15:49:05","modified_gmt":"2023-01-26T13:49:05","slug":"siria-y-pma-repasan-fortalecimiento-de-las-relaciones-de-cooperacion","status":"publish","type":"post","link":"https:\/\/archive.sana.sy\/es\/?p=284387","title":{"rendered":"Siria y PMA repasan fortalecimiento de las relaciones de cooperaci\u00f3n"},"content":{"rendered":"<blockquote>\n<p style=\"text-align: justify;\"><span style=\"color: #ff0000;\"><strong><em>El ministro de Administraci\u00f3n Local y Medio Ambiente, Hussein Makhlouf, se reuni\u00f3 hoy en esta capital, con una delegaci\u00f3n conformada del director ejecutivo del Programa Mundial de Alimentos \u201cPMA\u201d , David Beasley y la directora regional del Programa responsable de Medio Oriente y \u00c1frica del Norte, Corinne Fleischer.<\/em><\/strong><\/span><\/p>\n<\/blockquote>\n<p style=\"text-align: justify;\"><span style=\"color: #800000;\"><strong>Damasco, 26 ene (SANA)\u00a0<\/strong> <\/span>El ministro de Administraci\u00f3n Local y Medio Ambiente, Hussein Makhlouf, se reuni\u00f3 hoy en esta capital, con una delegaci\u00f3n conformada del director ejecutivo del Programa Mundial de Alimentos \u201cPMA\u201d , David Beasley y la directora regional del Programa responsable de Medio Oriente y \u00c1frica del Norte, Corinne Fleischer.<\/p>\n<p style=\"text-align: justify;\">Ambas partes examinaron las v\u00edas de reforzar la cooperaci\u00f3n mutua a trav\u00e9s de incrementar el apoyo brindado a Siria, lo que repercutir\u00eda positivamente en la vida de los ciudadanos.<\/p>\n<p style=\"text-align: justify;\">Makhlouf destac\u00f3 la importancia de la cooperaci\u00f3n conjunta entre el gobierno sirio y el Programa para aliviar el sufrimiento del pueblo sirio debido a las sanciones unilaterales impuestas en su contra por los pa\u00edses occidentales y el robo de recursos naturales como petr\u00f3leo y trigo por parte de las ocupaciones estadounidense y turca.<\/p>\n<p style=\"text-align: justify;\">Por su parte, Beasley expres\u00f3 su esperanza de asegurar el apoyo necesario para los m\u00e1s necesitados y crear proyectos sostenibles en sus zonas que contribuyan a mejorar su sustento .<\/p>\n<div id='gallery-1' class='gallery galleryid-284387 gallery-columns-1 gallery-size-full'><figure class='gallery-item'>\n\t\t\t<div class='gallery-icon landscape'>\n\t\t\t\t<a href='https:\/\/archive.sana.sy\/es\/wp-content\/uploads\/2023\/01\/6-46.jpg'><img loading=\"lazy\" decoding=\"async\" width=\"660\" height=\"405\" src=\"https:\/\/archive.sana.sy\/es\/wp-content\/uploads\/2023\/01\/6-46.jpg\" class=\"attachment-full size-full\" alt=\"\" srcset=\"https:\/\/archive.sana.sy\/es\/wp-content\/uploads\/2023\/01\/6-46.jpg 660w, https:\/\/archive.sana.sy\/es\/wp-content\/uploads\/2023\/01\/6-46-300x184.jpg 300w, https:\/\/archive.sana.sy\/es\/wp-content\/uploads\/2023\/01\/6-46-150x92.jpg 150w\" sizes=\"(max-width: 660px) 100vw, 660px\" \/><\/a>\n\t\t\t<\/div><\/figure><figure class='gallery-item'>\n\t\t\t<div class='gallery-icon landscape'>\n\t\t\t\t<a href='https:\/\/archive.sana.sy\/es\/wp-content\/uploads\/2023\/01\/7-42.jpg'><img loading=\"lazy\" decoding=\"async\" width=\"660\" height=\"458\" src=\"https:\/\/archive.sana.sy\/es\/wp-content\/uploads\/2023\/01\/7-42.jpg\" class=\"attachment-full size-full\" alt=\"\" srcset=\"https:\/\/archive.sana.sy\/es\/wp-content\/uploads\/2023\/01\/7-42.jpg 660w, https:\/\/archive.sana.sy\/es\/wp-content\/uploads\/2023\/01\/7-42-300x208.jpg 300w, https:\/\/archive.sana.sy\/es\/wp-content\/uploads\/2023\/01\/7-42-150x104.jpg 150w, https:\/\/archive.sana.sy\/es\/wp-content\/uploads\/2023\/01\/7-42-110x75.jpg 110w\" sizes=\"(max-width: 660px) 100vw, 660px\" \/><\/a>\n\t\t\t<\/div><\/figure><figure class='gallery-item'>\n\t\t\t<div class='gallery-icon landscape'>\n\t\t\t\t<a href='https:\/\/archive.sana.sy\/es\/wp-content\/uploads\/2023\/01\/9-30.jpg'><img loading=\"lazy\" decoding=\"async\" width=\"660\" height=\"439\" src=\"https:\/\/archive.sana.sy\/es\/wp-content\/uploads\/2023\/01\/9-30.jpg\" class=\"attachment-full size-full\" alt=\"\" srcset=\"https:\/\/archive.sana.sy\/es\/wp-content\/uploads\/2023\/01\/9-30.jpg 660w, https:\/\/archive.sana.sy\/es\/wp-content\/uploads\/2023\/01\/9-30-300x200.jpg 300w, https:\/\/archive.sana.sy\/es\/wp-content\/uploads\/2023\/01\/9-30-150x100.jpg 150w, https:\/\/archive.sana.sy\/es\/wp-content\/uploads\/2023\/01\/9-30-310x205.jpg 310w\" sizes=\"(max-width: 660px) 100vw, 660px\" \/><\/a>\n\t\t\t<\/div><\/figure>\n\t\t<\/div>\n\n<p style=\"text-align: justify;\"><em><strong>ws\/fm<\/strong><\/em><\/p>\n","protected":false},"excerpt":{"rendered":"<p>El ministro de Administraci\u00f3n Local y Medio Ambiente, Hussein Makhlouf, se reuni\u00f3 hoy en esta capital, con una delegaci\u00f3n conformada del director ejecutivo del Programa Mundial de Alimentos \u201cPMA\u201d , David Beasley y la directora regional del Programa responsable de Medio Oriente y \u00c1frica del Norte, Corinne Fleischer. Damasco, 26 ene (SANA)\u00a0 El ministro de &hellip;<\/p>\n","protected":false},"author":35,"featured_media":284388,"comment_status":"closed","ping_status":"closed","sticky":false,"template":"","format":"standard","meta":{"footnotes":""},"categories":[597,16686,483,485,467,7541],"tags":[],"class_list":["post-284387","post","type-post","status-publish","format-standard","has-post-thumbnail","","category-cinta-de-noticias","category-economia","category-negocios-y-finanzas","category-informes-negocios-y-finanzas","category-siria-y-el-mundo","category-ultimas-noticias"],"_links":{"self":[{"href":"https:\/\/archive.sana.sy\/es\/index.php?rest_route=\/wp\/v2\/posts\/284387"}],"collection":[{"href":"https:\/\/archive.sana.sy\/es\/index.php?rest_route=\/wp\/v2\/posts"}],"about":[{"href":"https:\/\/archive.sana.sy\/es\/index.php?rest_route=\/wp\/v2\/types\/post"}],"author":[{"embeddable":true,"href":"https:\/\/archive.sana.sy\/es\/index.php?rest_route=\/wp\/v2\/users\/35"}],"replies":[{"embeddable":true,"href":"https:\/\/archive.sana.sy\/es\/index.php?rest_route=%2Fwp%2Fv2%2Fcomments&post=284387"}],"version-history":[{"count":0,"href":"https:\/\/archive.sana.sy\/es\/index.php?rest_route=\/wp\/v2\/posts\/284387\/revisions"}],"wp:featuredmedia":[{"embeddable":true,"href":"https:\/\/archive.sana.sy\/es\/index.php?rest_route=\/wp\/v2\/media\/284388"}],"wp:attachment":[{"href":"https:\/\/archive.sana.sy\/es\/index.php?rest_route=%2Fwp%2Fv2%2Fmedia&parent=284387"}],"wp:term":[{"taxonomy":"category","embeddable":true,"href":"https:\/\/archive.sana.sy\/es\/index.php?rest_route=%2Fwp%2Fv2%2Fcategories&post=284387"},{"taxonomy":"post_tag","embeddable":true,"href":"https:\/\/archive.sana.sy\/es\/index.php?rest_route=%2Fwp%2Fv2%2Ftags&post=284387"}],"curies":[{"name":"wp","href":"https:\/\/api.w.org\/{rel}","templated":true}]}}