{"id":284393,"date":"2023-01-26T13:36:18","date_gmt":"2023-01-26T11:36:18","guid":{"rendered":"http:\/\/107.6.182.27\/es\/?p=284393"},"modified":"2023-01-26T13:36:18","modified_gmt":"2023-01-26T11:36:18","slug":"quiero-construir-definitivamente-la-unidad-de-america-latina","status":"publish","type":"post","link":"https:\/\/archive.sana.sy\/es\/?p=284393","title":{"rendered":"&#8220;Quiero construir definitivamente la unidad de Am\u00e9rica Latina&#8221;"},"content":{"rendered":"<p style=\"text-align: justify;\"><span style=\"color: #800000;\"><strong>Montevideo, 26 ene (SANA)<\/strong><\/span> El presidente brasile\u00f1o, Luiz In\u00e1cio Lula da Silva, anunci\u00f3 su intenci\u00f3n de trabajar para construir definitivamente la unidad de Am\u00e9rica Latina y fortalecer el Mercosur.<\/p>\n<p style=\"text-align: justify;\">Esta afirmaci\u00f3n fue manifestada en un discurso pronunciado ante miles que uruguayos y brasile\u00f1os que se congregaron a recibirlo en la explanada de la Intendencia de Montevideo.<\/p>\n<p>&#8220;Una de las cosas que me hicieron volver a ser presidente es porque quiero construir definitivamente la unidad de Am\u00e9rica Latina y fortalecer el Mercosur para que podamos ser un bloque comercial fuerte, para mejorar la vida de los pueblos de toda Am\u00e9rica del Sur&#8221;, dijo Lula ante los presentes, citado por Sputnik.<\/p>\n<p style=\"text-align: justify;\">El mandatario brasile\u00f1o, acompa\u00f1ado de la intendenta de Montevideo, Carolina Cosse, dijo: Necesitamos levantar la cabeza y renovar la capacidad de indignarnos con la desigualdad social, contra prejuicios de g\u00e9nero, contra prejuicios raciales, contra las personas m\u00e1s pobres, para que podamos construir un mundo mejor, un mundo m\u00e1s justo y m\u00e1s solidario&#8221;.<\/p>\n<p style=\"text-align: justify;\">&#8220;Pueden estar seguros, que vamos a arreglar Brasil y si vinieron para ac\u00e1 por causa del amor o de estudios, se pueden quedar. Pero si vinieron para ac\u00e1 por trabajo, vamos a hacer crecer a la econom\u00eda brasile\u00f1a para que puedan volver a trabajar a su pa\u00eds&#8221;, concluy\u00f3 el mandatario.<\/p>\n<p style=\"text-align: justify;\">fm\/as<\/p>\n","protected":false},"excerpt":{"rendered":"<p>Montevideo, 26 ene (SANA) El presidente brasile\u00f1o, Luiz In\u00e1cio Lula da Silva, anunci\u00f3 su intenci\u00f3n de trabajar para construir definitivamente la unidad de Am\u00e9rica Latina y fortalecer el Mercosur. Esta afirmaci\u00f3n fue manifestada en un discurso pronunciado ante miles que uruguayos y brasile\u00f1os que se congregaron a recibirlo en la explanada de la Intendencia de &hellip;<\/p>\n","protected":false},"author":42,"featured_media":284395,"comment_status":"closed","ping_status":"closed","sticky":false,"template":"","format":"standard","meta":{"footnotes":""},"categories":[597,456,16687,20724,7541],"tags":[],"class_list":["post-284393","post","type-post","status-publish","format-standard","has-post-thumbnail","","category-cinta-de-noticias","category-arabe-internacional-politica","category-internacionales","category-minuto-a-minuto","category-ultimas-noticias"],"_links":{"self":[{"href":"https:\/\/archive.sana.sy\/es\/index.php?rest_route=\/wp\/v2\/posts\/284393"}],"collection":[{"href":"https:\/\/archive.sana.sy\/es\/index.php?rest_route=\/wp\/v2\/posts"}],"about":[{"href":"https:\/\/archive.sana.sy\/es\/index.php?rest_route=\/wp\/v2\/types\/post"}],"author":[{"embeddable":true,"href":"https:\/\/archive.sana.sy\/es\/index.php?rest_route=\/wp\/v2\/users\/42"}],"replies":[{"embeddable":true,"href":"https:\/\/archive.sana.sy\/es\/index.php?rest_route=%2Fwp%2Fv2%2Fcomments&post=284393"}],"version-history":[{"count":0,"href":"https:\/\/archive.sana.sy\/es\/index.php?rest_route=\/wp\/v2\/posts\/284393\/revisions"}],"wp:featuredmedia":[{"embeddable":true,"href":"https:\/\/archive.sana.sy\/es\/index.php?rest_route=\/wp\/v2\/media\/284395"}],"wp:attachment":[{"href":"https:\/\/archive.sana.sy\/es\/index.php?rest_route=%2Fwp%2Fv2%2Fmedia&parent=284393"}],"wp:term":[{"taxonomy":"category","embeddable":true,"href":"https:\/\/archive.sana.sy\/es\/index.php?rest_route=%2Fwp%2Fv2%2Fcategories&post=284393"},{"taxonomy":"post_tag","embeddable":true,"href":"https:\/\/archive.sana.sy\/es\/index.php?rest_route=%2Fwp%2Fv2%2Ftags&post=284393"}],"curies":[{"name":"wp","href":"https:\/\/api.w.org\/{rel}","templated":true}]}}