{"id":284401,"date":"2023-01-26T12:49:10","date_gmt":"2023-01-26T10:49:10","guid":{"rendered":"http:\/\/107.6.182.27\/es\/?p=284401"},"modified":"2023-01-26T15:03:11","modified_gmt":"2023-01-26T13:03:11","slug":"mekdad-las-medidas-economicas-coercitivas-unilaterales-provocan-desastres-humanitarios-en-siria","status":"publish","type":"post","link":"https:\/\/archive.sana.sy\/es\/?p=284401","title":{"rendered":"Mekdad: las medidas econ\u00f3micas coercitivas unilaterales provocan desastres humanitarios en Siria"},"content":{"rendered":"<p style=\"text-align: justify;\"><span style=\"color: #800000;\"><strong>Damasco, 26 ene (SANA)<\/strong><\/span> El ministro de Asuntos Exteriores y Expatriados, Faisal Al-Mekdad, recibi\u00f3 hoy en la sede de la canciller\u00eda en Damasco, la capital siria, al director ejecutivo del Programa Mundial de Alimentos (PMA), David Beasley.<\/p>\n<p style=\"text-align: justify;\">Las conversaciones abordaron la cooperaci\u00f3n entre el PMA y las diversas autoridades nacionales, as\u00ed como facilitar el trabajo del Programa y garantizar que m\u00e1s ayuda llegue a quienes la merecen, lejos de cualquier politizaci\u00f3n y de una forma que contribuya y logre la recuperaci\u00f3n de los sirios y reduzca su dependencia de la ayuda de emergencia.<\/p>\n<p style=\"text-align: justify;\">El Canciller denunci\u00f3 los efectos negativos y las repercusiones de la guerra terrorista impuesta, que afectaron los diversos logros de fomento de los sirios, especialmente en lo que respecta a garantizar su seguridad alimentaria.<\/p>\n<p style=\"text-align: justify;\">Tambi\u00e9n, explic\u00f3 los desastres humanitarios causados por las medidas econ\u00f3micas coercitivas unilaterales impuestas a Siria, y c\u00f3mo estas medidas obstruyen los esfuerzos realizados por el gobierno sirio para mejorar las condiciones de los sirios y asegurar sus necesidades b\u00e1sicas.<\/p>\n<p style=\"text-align: justify;\">El jefe de la diplomacia siria denunci\u00f3 el saqueo por parte de las fuerzas de ocupaci\u00f3n estadounidenses y sus mercenarios del petr\u00f3leo y trigo sirios, y el peligroso impacto de la continuaci\u00f3n de estas pr\u00e1cticas sobre todos los sirios.<\/p>\n<p style=\"text-align: justify;\">A su vez, Beasley expres\u00f3 su agradecimiento y aprecio al gobierno sirio por las facilidades que brinda para el trabajo del programa en el pa\u00eds.<\/p>\n<p style=\"text-align: justify;\">Elogi\u00f3 el alto nivel de cooperaci\u00f3n que existe actualmente entre el programa y muchos socios en Siria.<\/p>\n<p style=\"text-align: justify;\">Tambi\u00e9n present\u00f3 una serie de temas, ideas y proyectos en los que el programa est\u00e1 trabajando para ayudar a los sirios a superar las dificultades econ\u00f3micas por las que est\u00e1n pasando.<\/p>\n<p style=\"text-align: justify;\">fm\/sm<\/p>\n","protected":false},"excerpt":{"rendered":"<p>Damasco, 26 ene (SANA) El ministro de Asuntos Exteriores y Expatriados, Faisal Al-Mekdad, recibi\u00f3 hoy en la sede de la canciller\u00eda en Damasco, la capital siria, al director ejecutivo del Programa Mundial de Alimentos (PMA), David Beasley. Las conversaciones abordaron la cooperaci\u00f3n entre el PMA y las diversas autoridades nacionales, as\u00ed como facilitar el trabajo &hellip;<\/p>\n","protected":false},"author":39,"featured_media":284402,"comment_status":"closed","ping_status":"closed","sticky":false,"template":"","format":"standard","meta":{"footnotes":""},"categories":[597,467,583],"tags":[],"class_list":["post-284401","post","type-post","status-publish","format-standard","has-post-thumbnail","","category-cinta-de-noticias","category-siria-y-el-mundo","category-slide"],"_links":{"self":[{"href":"https:\/\/archive.sana.sy\/es\/index.php?rest_route=\/wp\/v2\/posts\/284401"}],"collection":[{"href":"https:\/\/archive.sana.sy\/es\/index.php?rest_route=\/wp\/v2\/posts"}],"about":[{"href":"https:\/\/archive.sana.sy\/es\/index.php?rest_route=\/wp\/v2\/types\/post"}],"author":[{"embeddable":true,"href":"https:\/\/archive.sana.sy\/es\/index.php?rest_route=\/wp\/v2\/users\/39"}],"replies":[{"embeddable":true,"href":"https:\/\/archive.sana.sy\/es\/index.php?rest_route=%2Fwp%2Fv2%2Fcomments&post=284401"}],"version-history":[{"count":0,"href":"https:\/\/archive.sana.sy\/es\/index.php?rest_route=\/wp\/v2\/posts\/284401\/revisions"}],"wp:featuredmedia":[{"embeddable":true,"href":"https:\/\/archive.sana.sy\/es\/index.php?rest_route=\/wp\/v2\/media\/284402"}],"wp:attachment":[{"href":"https:\/\/archive.sana.sy\/es\/index.php?rest_route=%2Fwp%2Fv2%2Fmedia&parent=284401"}],"wp:term":[{"taxonomy":"category","embeddable":true,"href":"https:\/\/archive.sana.sy\/es\/index.php?rest_route=%2Fwp%2Fv2%2Fcategories&post=284401"},{"taxonomy":"post_tag","embeddable":true,"href":"https:\/\/archive.sana.sy\/es\/index.php?rest_route=%2Fwp%2Fv2%2Ftags&post=284401"}],"curies":[{"name":"wp","href":"https:\/\/api.w.org\/{rel}","templated":true}]}}