{"id":284429,"date":"2023-01-26T17:49:19","date_gmt":"2023-01-26T15:49:19","guid":{"rendered":"http:\/\/107.6.182.27\/es\/?p=284429"},"modified":"2023-01-26T17:49:40","modified_gmt":"2023-01-26T15:49:40","slug":"mandatario-de-venezuela-y-cuba-abordan-vias-de-enfrentar-bloqueo-y-sanciones-de-ee-uu","status":"publish","type":"post","link":"https:\/\/archive.sana.sy\/es\/?p=284429","title":{"rendered":"Mandatarios de Venezuela y Cuba abordan v\u00edas de enfrentar bloqueo y sanciones de EE.UU."},"content":{"rendered":"<p style=\"text-align: justify;\"><span style=\"color: #800000;\"><strong>Caracas, 26 ene (SANA)\u00a0<\/strong> <\/span>El presidente de Venezuela, Nicol\u00e1s Maduro, examin\u00f3 con su hom\u00f3logo cubano, Miguel D\u00edaz-Canel, en Caracas, formas de enfrentar el bloqueo impuesto por Estados Unidos a los pueblos de los dos pa\u00edses.<\/p>\n<p style=\"text-align: justify;\">El canal venezolano, Telesur, inform\u00f3 que ambos mandatarios abordaron tambi\u00e9n las v\u00edas de fortalecer a\u00fan m\u00e1s las relaciones bilaterales entre los dos pa\u00edses, como un mecanismo para contrarrestar las sanciones de EE.UU.<\/p>\n<p style=\"text-align: justify;\">Es de destacar que las relaciones venezolano-cubanas se han fortalecido desde que el difunto presidente venezolano Hugo Ch\u00e1vez lleg\u00f3 al poder en 1999.<\/p>\n<p style=\"text-align: justify;\">sm<\/p>\n","protected":false},"excerpt":{"rendered":"<p>Caracas, 26 ene (SANA)\u00a0 El presidente de Venezuela, Nicol\u00e1s Maduro, examin\u00f3 con su hom\u00f3logo cubano, Miguel D\u00edaz-Canel, en Caracas, formas de enfrentar el bloqueo impuesto por Estados Unidos a los pueblos de los dos pa\u00edses. El canal venezolano, Telesur, inform\u00f3 que ambos mandatarios abordaron tambi\u00e9n las v\u00edas de fortalecer a\u00fan m\u00e1s las relaciones bilaterales entre &hellip;<\/p>\n","protected":false},"author":39,"featured_media":284430,"comment_status":"closed","ping_status":"closed","sticky":false,"template":"","format":"standard","meta":{"footnotes":""},"categories":[597,456,16687,20724],"tags":[],"class_list":["post-284429","post","type-post","status-publish","format-standard","has-post-thumbnail","","category-cinta-de-noticias","category-arabe-internacional-politica","category-internacionales","category-minuto-a-minuto"],"_links":{"self":[{"href":"https:\/\/archive.sana.sy\/es\/index.php?rest_route=\/wp\/v2\/posts\/284429"}],"collection":[{"href":"https:\/\/archive.sana.sy\/es\/index.php?rest_route=\/wp\/v2\/posts"}],"about":[{"href":"https:\/\/archive.sana.sy\/es\/index.php?rest_route=\/wp\/v2\/types\/post"}],"author":[{"embeddable":true,"href":"https:\/\/archive.sana.sy\/es\/index.php?rest_route=\/wp\/v2\/users\/39"}],"replies":[{"embeddable":true,"href":"https:\/\/archive.sana.sy\/es\/index.php?rest_route=%2Fwp%2Fv2%2Fcomments&post=284429"}],"version-history":[{"count":0,"href":"https:\/\/archive.sana.sy\/es\/index.php?rest_route=\/wp\/v2\/posts\/284429\/revisions"}],"wp:featuredmedia":[{"embeddable":true,"href":"https:\/\/archive.sana.sy\/es\/index.php?rest_route=\/wp\/v2\/media\/284430"}],"wp:attachment":[{"href":"https:\/\/archive.sana.sy\/es\/index.php?rest_route=%2Fwp%2Fv2%2Fmedia&parent=284429"}],"wp:term":[{"taxonomy":"category","embeddable":true,"href":"https:\/\/archive.sana.sy\/es\/index.php?rest_route=%2Fwp%2Fv2%2Fcategories&post=284429"},{"taxonomy":"post_tag","embeddable":true,"href":"https:\/\/archive.sana.sy\/es\/index.php?rest_route=%2Fwp%2Fv2%2Ftags&post=284429"}],"curies":[{"name":"wp","href":"https:\/\/api.w.org\/{rel}","templated":true}]}}