{"id":284452,"date":"2023-01-27T08:14:56","date_gmt":"2023-01-27T06:14:56","guid":{"rendered":"http:\/\/107.6.182.27\/es\/?p=284452"},"modified":"2023-01-27T08:14:56","modified_gmt":"2023-01-27T06:14:56","slug":"moscu-pide-a-berlin-que-aclare-su-implicacion-en-el-conflicto-de-ucrania","status":"publish","type":"post","link":"https:\/\/archive.sana.sy\/es\/?p=284452","title":{"rendered":"Mosc\u00fa pide a Berl\u00edn que aclare su implicaci\u00f3n en el conflicto de Ucrania"},"content":{"rendered":"<p style=\"text-align: justify;\"><span style=\"color: #800000;\"><strong>Mosc\u00fa, 27 ene (SANA)<\/strong><\/span> El Ministerio de Exteriores de Rusia exigi\u00f3 al embajador alem\u00e1n en Mosc\u00fa, G\u00e9za Andreas von Geyr, que aclare la implicaci\u00f3n de su pa\u00eds en el conflicto de Ucrania.<\/p>\n<p style=\"text-align: justify;\">Esta postura responde a la invitaci\u00f3n de la canciller alemana, Annalena Baerbock, a las naciones europeas a brindar m\u00e1s apoyo al r\u00e9gimen de Kiev, y argument\u00f3 esta implicaci\u00f3n diciendo \u201cestamos librando una guerra contra Rusia, y no unos contra otros\u201d, seg\u00fan difundi\u00f3 Sputnik.<\/p>\n<p style=\"text-align: justify;\">\u201cPero, \u00bfSe dan cuenta de lo que est\u00e1n diciendo? La Ministra de Exteriores de Alemania declara que su pa\u00eds, junto con otros, est\u00e1 peleando con Rusia, mientras que su propia cartera dice que Alemania no es parte del conflicto, dijo la vocera.<\/p>\n<p style=\"text-align: justify;\">\u201cEl embajador alem\u00e1n en Rusia deber\u00eda aclarar esas declaraciones encontradas\u201d, public\u00f3 Zaj\u00e1rova en su cuenta de Telegram.<\/p>\n<p style=\"text-align: justify;\"><em><strong>ah\/fm<\/strong><\/em><\/p>\n","protected":false},"excerpt":{"rendered":"<p>Mosc\u00fa, 27 ene (SANA) El Ministerio de Exteriores de Rusia exigi\u00f3 al embajador alem\u00e1n en Mosc\u00fa, G\u00e9za Andreas von Geyr, que aclare la implicaci\u00f3n de su pa\u00eds en el conflicto de Ucrania. Esta postura responde a la invitaci\u00f3n de la canciller alemana, Annalena Baerbock, a las naciones europeas a brindar m\u00e1s apoyo al r\u00e9gimen de &hellip;<\/p>\n","protected":false},"author":30,"featured_media":284453,"comment_status":"closed","ping_status":"closed","sticky":false,"template":"","format":"standard","meta":{"footnotes":""},"categories":[456,16687,20724],"tags":[],"class_list":["post-284452","post","type-post","status-publish","format-standard","has-post-thumbnail","","category-arabe-internacional-politica","category-internacionales","category-minuto-a-minuto"],"_links":{"self":[{"href":"https:\/\/archive.sana.sy\/es\/index.php?rest_route=\/wp\/v2\/posts\/284452"}],"collection":[{"href":"https:\/\/archive.sana.sy\/es\/index.php?rest_route=\/wp\/v2\/posts"}],"about":[{"href":"https:\/\/archive.sana.sy\/es\/index.php?rest_route=\/wp\/v2\/types\/post"}],"author":[{"embeddable":true,"href":"https:\/\/archive.sana.sy\/es\/index.php?rest_route=\/wp\/v2\/users\/30"}],"replies":[{"embeddable":true,"href":"https:\/\/archive.sana.sy\/es\/index.php?rest_route=%2Fwp%2Fv2%2Fcomments&post=284452"}],"version-history":[{"count":0,"href":"https:\/\/archive.sana.sy\/es\/index.php?rest_route=\/wp\/v2\/posts\/284452\/revisions"}],"wp:featuredmedia":[{"embeddable":true,"href":"https:\/\/archive.sana.sy\/es\/index.php?rest_route=\/wp\/v2\/media\/284453"}],"wp:attachment":[{"href":"https:\/\/archive.sana.sy\/es\/index.php?rest_route=%2Fwp%2Fv2%2Fmedia&parent=284452"}],"wp:term":[{"taxonomy":"category","embeddable":true,"href":"https:\/\/archive.sana.sy\/es\/index.php?rest_route=%2Fwp%2Fv2%2Fcategories&post=284452"},{"taxonomy":"post_tag","embeddable":true,"href":"https:\/\/archive.sana.sy\/es\/index.php?rest_route=%2Fwp%2Fv2%2Ftags&post=284452"}],"curies":[{"name":"wp","href":"https:\/\/api.w.org\/{rel}","templated":true}]}}