{"id":284455,"date":"2023-01-27T09:43:07","date_gmt":"2023-01-27T07:43:07","guid":{"rendered":"http:\/\/107.6.182.27\/es\/?p=284455"},"modified":"2023-01-27T09:43:07","modified_gmt":"2023-01-27T07:43:07","slug":"parlamentaria-alemana-califica-de-muy-peligrosa-la-decision-de-su-pais-de-suministrar-tanques-leopard-2-a-kiev","status":"publish","type":"post","link":"https:\/\/archive.sana.sy\/es\/?p=284455","title":{"rendered":"Parlamentaria alemana califica de muy peligrosa la decisi\u00f3n de su pa\u00eds de suministrar tanques Leopard 2 a Kiev"},"content":{"rendered":"<p style=\"text-align: justify;\"><span style=\"color: #800000;\"><strong>Berlin, 27 ene (SANA)<\/strong><\/span> La miembro del Parlamento Federal Alem\u00e1n (Bundestag) Sahara Wagenknecht, calific\u00f3 de muy peligrosa la decisi\u00f3n de su pa\u00eds de suministrar a Kiev tanques Leopard 2.<\/p>\n<p style=\"text-align: justify;\">\u201cTales decisiones no pondr\u00e1n fin a la crisis en Ucrania, sino que conducir\u00e1n cada vez m\u00e1s a su escalada\u201d, dijo Wagenknecht en una entrevista con el canal alem\u00e1n Phoenix.<\/p>\n<p style=\"text-align: justify;\">En el mismo contexto, la parlamentaria advirti\u00f3 que las autoridades alemanas est\u00e1n muy involucradas en la crisis ucraniana, ya que esta decisi\u00f3n representa una respuesta completamente equivocada a la situaci\u00f3n actual por parte de las autoridades alemanas.<\/p>\n<p style=\"text-align: justify;\">Cientos de alemanes se manifestaron la v\u00edspera en M\u00fanich para protestar por la decisi\u00f3n de su gobierno de suministrar al r\u00e9gimen de Kiev tanques alemanes Leopard 2.<\/p>\n<p style=\"text-align: justify;\"><em><strong>ah\/fm<\/strong><\/em><\/p>\n","protected":false},"excerpt":{"rendered":"<p>Berlin, 27 ene (SANA) La miembro del Parlamento Federal Alem\u00e1n (Bundestag) Sahara Wagenknecht, calific\u00f3 de muy peligrosa la decisi\u00f3n de su pa\u00eds de suministrar a Kiev tanques Leopard 2. \u201cTales decisiones no pondr\u00e1n fin a la crisis en Ucrania, sino que conducir\u00e1n cada vez m\u00e1s a su escalada\u201d, dijo Wagenknecht en una entrevista con el &hellip;<\/p>\n","protected":false},"author":30,"featured_media":284456,"comment_status":"closed","ping_status":"closed","sticky":false,"template":"","format":"standard","meta":{"footnotes":""},"categories":[456,16687,20724],"tags":[],"class_list":["post-284455","post","type-post","status-publish","format-standard","has-post-thumbnail","","category-arabe-internacional-politica","category-internacionales","category-minuto-a-minuto"],"_links":{"self":[{"href":"https:\/\/archive.sana.sy\/es\/index.php?rest_route=\/wp\/v2\/posts\/284455"}],"collection":[{"href":"https:\/\/archive.sana.sy\/es\/index.php?rest_route=\/wp\/v2\/posts"}],"about":[{"href":"https:\/\/archive.sana.sy\/es\/index.php?rest_route=\/wp\/v2\/types\/post"}],"author":[{"embeddable":true,"href":"https:\/\/archive.sana.sy\/es\/index.php?rest_route=\/wp\/v2\/users\/30"}],"replies":[{"embeddable":true,"href":"https:\/\/archive.sana.sy\/es\/index.php?rest_route=%2Fwp%2Fv2%2Fcomments&post=284455"}],"version-history":[{"count":0,"href":"https:\/\/archive.sana.sy\/es\/index.php?rest_route=\/wp\/v2\/posts\/284455\/revisions"}],"wp:featuredmedia":[{"embeddable":true,"href":"https:\/\/archive.sana.sy\/es\/index.php?rest_route=\/wp\/v2\/media\/284456"}],"wp:attachment":[{"href":"https:\/\/archive.sana.sy\/es\/index.php?rest_route=%2Fwp%2Fv2%2Fmedia&parent=284455"}],"wp:term":[{"taxonomy":"category","embeddable":true,"href":"https:\/\/archive.sana.sy\/es\/index.php?rest_route=%2Fwp%2Fv2%2Fcategories&post=284455"},{"taxonomy":"post_tag","embeddable":true,"href":"https:\/\/archive.sana.sy\/es\/index.php?rest_route=%2Fwp%2Fv2%2Ftags&post=284455"}],"curies":[{"name":"wp","href":"https:\/\/api.w.org\/{rel}","templated":true}]}}