{"id":28446,"date":"2015-08-16T18:07:47","date_gmt":"2015-08-16T15:07:47","guid":{"rendered":"http:\/\/sana.sy\/es\/?p=28446"},"modified":"2015-08-16T21:08:27","modified_gmt":"2015-08-16T18:08:27","slug":"ministro-de-salud-de-visita-oficial-a-iran","status":"publish","type":"post","link":"https:\/\/archive.sana.sy\/es\/?p=28446","title":{"rendered":"Ministro de Salud comienza una visita oficial a Ir\u00e1n"},"content":{"rendered":"<p>Teher\u00e1n, SANA<\/p>\n<p>El ministro de Salud, Dr. Nizar Yazayi inici\u00f3 este domingo una visita oficial a la Rep\u00fablica Isl\u00e1mica de Ir\u00e1n.<\/p>\n<p>Yazayi declar\u00f3 a SANA que se encuentra en el pa\u00eds persa para examinar la posibilidad de que Ir\u00e1n provea medicamentos espec\u00edficos, equipos m\u00e9dicos y ambulancias a los hospitales estatales sirios m\u00e1s necesitados.<\/p>\n<p>As\u00ed dijo que el objetivo de la visita tambi\u00e9n es promover la cooperaci\u00f3n y la coordinaci\u00f3n conjunta entre Siria e Ir\u00e1n en materia de la salud.<\/p>\n<p>Yamil K.<\/p>\n","protected":false},"excerpt":{"rendered":"<p>Teher\u00e1n, SANA El ministro de Salud, Dr. Nizar Yazayi inici\u00f3 este domingo una visita oficial a la Rep\u00fablica Isl\u00e1mica de Ir\u00e1n. Yazayi declar\u00f3 a SANA que se encuentra en el pa\u00eds persa para examinar la posibilidad de que Ir\u00e1n provea medicamentos espec\u00edficos, equipos m\u00e9dicos y ambulancias a los hospitales estatales sirios m\u00e1s necesitados. As\u00ed dijo &hellip;<\/p>\n","protected":false},"author":1,"featured_media":28447,"comment_status":"closed","ping_status":"closed","sticky":false,"template":"","format":"standard","meta":{"footnotes":""},"categories":[477,476],"tags":[],"class_list":["post-28446","post","type-post","status-publish","format-standard","has-post-thumbnail","","category-noticias-edulcorantes","category-locales"],"_links":{"self":[{"href":"https:\/\/archive.sana.sy\/es\/index.php?rest_route=\/wp\/v2\/posts\/28446"}],"collection":[{"href":"https:\/\/archive.sana.sy\/es\/index.php?rest_route=\/wp\/v2\/posts"}],"about":[{"href":"https:\/\/archive.sana.sy\/es\/index.php?rest_route=\/wp\/v2\/types\/post"}],"author":[{"embeddable":true,"href":"https:\/\/archive.sana.sy\/es\/index.php?rest_route=\/wp\/v2\/users\/1"}],"replies":[{"embeddable":true,"href":"https:\/\/archive.sana.sy\/es\/index.php?rest_route=%2Fwp%2Fv2%2Fcomments&post=28446"}],"version-history":[{"count":0,"href":"https:\/\/archive.sana.sy\/es\/index.php?rest_route=\/wp\/v2\/posts\/28446\/revisions"}],"wp:featuredmedia":[{"embeddable":true,"href":"https:\/\/archive.sana.sy\/es\/index.php?rest_route=\/wp\/v2\/media\/28447"}],"wp:attachment":[{"href":"https:\/\/archive.sana.sy\/es\/index.php?rest_route=%2Fwp%2Fv2%2Fmedia&parent=28446"}],"wp:term":[{"taxonomy":"category","embeddable":true,"href":"https:\/\/archive.sana.sy\/es\/index.php?rest_route=%2Fwp%2Fv2%2Fcategories&post=28446"},{"taxonomy":"post_tag","embeddable":true,"href":"https:\/\/archive.sana.sy\/es\/index.php?rest_route=%2Fwp%2Fv2%2Ftags&post=28446"}],"curies":[{"name":"wp","href":"https:\/\/api.w.org\/{rel}","templated":true}]}}