{"id":284461,"date":"2023-01-27T10:26:49","date_gmt":"2023-01-27T08:26:49","guid":{"rendered":"http:\/\/107.6.182.27\/es\/?p=284461"},"modified":"2023-01-27T10:26:49","modified_gmt":"2023-01-27T08:26:49","slug":"reportan-dos-heridos-por-bombardeo-ucraniano-contra-areas-residenciales-en-donetsk","status":"publish","type":"post","link":"https:\/\/archive.sana.sy\/es\/?p=284461","title":{"rendered":"Reportan dos heridos por bombardeo ucraniano contra \u00e1reas residenciales en Donetsk"},"content":{"rendered":"<p style=\"text-align: justify;\"><span style=\"color: #800000;\"><strong>Donetsk, 27 ene (SANA<\/strong><\/span>) Dos personas resultaron heridas en las \u00faltimas 24 horas por los continuos bombardeos ucranianos contra el territorio de la Rep\u00fablica Popular de Donetsk.<\/p>\n<p style=\"text-align: justify;\">Seg\u00fan RT, las tropas de Kiev atacaron Donetsk y sus suburbios con 288 cohetes y proyectiles de artiller\u00eda en 24 horas, lo que result\u00f3 en dos heridos, incluido un ni\u00f1o, adem\u00e1s de da\u00f1os a seis edificios residenciales y seis instalaciones de infraestructura.<\/p>\n<p style=\"text-align: justify;\">La v\u00edspera, las fuerzas ucranianas bombardearon la referida ciudad y sus suburbios 16 veces, con 75 cohetes y proyectiles de diversos calibres, causando heridas a tres civiles y da\u00f1os a edificios residenciales e instalaciones de infraestructura.<\/p>\n<p style=\"text-align: justify;\"><em><strong>ah\/fm<\/strong><\/em><\/p>\n","protected":false},"excerpt":{"rendered":"<p>Donetsk, 27 ene (SANA) Dos personas resultaron heridas en las \u00faltimas 24 horas por los continuos bombardeos ucranianos contra el territorio de la Rep\u00fablica Popular de Donetsk. Seg\u00fan RT, las tropas de Kiev atacaron Donetsk y sus suburbios con 288 cohetes y proyectiles de artiller\u00eda en 24 horas, lo que result\u00f3 en dos heridos, incluido &hellip;<\/p>\n","protected":false},"author":30,"featured_media":284462,"comment_status":"closed","ping_status":"closed","sticky":false,"template":"","format":"standard","meta":{"footnotes":""},"categories":[456,16687,20724],"tags":[],"class_list":["post-284461","post","type-post","status-publish","format-standard","has-post-thumbnail","","category-arabe-internacional-politica","category-internacionales","category-minuto-a-minuto"],"_links":{"self":[{"href":"https:\/\/archive.sana.sy\/es\/index.php?rest_route=\/wp\/v2\/posts\/284461"}],"collection":[{"href":"https:\/\/archive.sana.sy\/es\/index.php?rest_route=\/wp\/v2\/posts"}],"about":[{"href":"https:\/\/archive.sana.sy\/es\/index.php?rest_route=\/wp\/v2\/types\/post"}],"author":[{"embeddable":true,"href":"https:\/\/archive.sana.sy\/es\/index.php?rest_route=\/wp\/v2\/users\/30"}],"replies":[{"embeddable":true,"href":"https:\/\/archive.sana.sy\/es\/index.php?rest_route=%2Fwp%2Fv2%2Fcomments&post=284461"}],"version-history":[{"count":0,"href":"https:\/\/archive.sana.sy\/es\/index.php?rest_route=\/wp\/v2\/posts\/284461\/revisions"}],"wp:featuredmedia":[{"embeddable":true,"href":"https:\/\/archive.sana.sy\/es\/index.php?rest_route=\/wp\/v2\/media\/284462"}],"wp:attachment":[{"href":"https:\/\/archive.sana.sy\/es\/index.php?rest_route=%2Fwp%2Fv2%2Fmedia&parent=284461"}],"wp:term":[{"taxonomy":"category","embeddable":true,"href":"https:\/\/archive.sana.sy\/es\/index.php?rest_route=%2Fwp%2Fv2%2Fcategories&post=284461"},{"taxonomy":"post_tag","embeddable":true,"href":"https:\/\/archive.sana.sy\/es\/index.php?rest_route=%2Fwp%2Fv2%2Ftags&post=284461"}],"curies":[{"name":"wp","href":"https:\/\/api.w.org\/{rel}","templated":true}]}}