{"id":284464,"date":"2023-01-27T11:52:20","date_gmt":"2023-01-27T09:52:20","guid":{"rendered":"http:\/\/107.6.182.27\/es\/?p=284464"},"modified":"2023-01-27T11:52:20","modified_gmt":"2023-01-27T09:52:20","slug":"iran-llama-por-una-accion-inmediata-para-detener-las-masacres-israelies-en-jenin","status":"publish","type":"post","link":"https:\/\/archive.sana.sy\/es\/?p=284464","title":{"rendered":"Ir\u00e1n llama por una acci\u00f3n inmediata para detener las masacres israel\u00edes en Jenin"},"content":{"rendered":"<p style=\"text-align: justify;\"><span style=\"color: #800000;\"><strong>Teher\u00e1n, 27 ene (SANA)<\/strong> <\/span>El ministro de Exteriores iran\u00ed, Hossein Amir-Abdollahian, dijo que el feroz ataque y los asesinatos en masa cometidos por las fuerzas de ocupaci\u00f3n israel\u00edes en el campamento de Jenin en Cisjordania exigen una acci\u00f3n inmediata a la comunidad internacional al respecto.<\/p>\n<p style=\"text-align: justify;\">\u201cLa trinchera de Jenin es firme gracias a la resistencia, y es imposible abandonarla\u201d, tute\u00f3 el Canciller iran\u00ed hoy.<\/p>\n<p style=\"text-align: justify;\">La v\u00edspera, nueve palestinos murieron y decenas resultaron heridos, varios de ellos en estado cr\u00edtico, en una nueva masacre perpetrada por las fuerzas israel\u00edes en el campamento de refugiados de Jenin en Cisjordania.<\/p>\n<p style=\"text-align: justify;\"><em><strong>ah\/fm<\/strong><\/em><\/p>\n","protected":false},"excerpt":{"rendered":"<p>Teher\u00e1n, 27 ene (SANA) El ministro de Exteriores iran\u00ed, Hossein Amir-Abdollahian, dijo que el feroz ataque y los asesinatos en masa cometidos por las fuerzas de ocupaci\u00f3n israel\u00edes en el campamento de Jenin en Cisjordania exigen una acci\u00f3n inmediata a la comunidad internacional al respecto. \u201cLa trinchera de Jenin es firme gracias a la resistencia, &hellip;<\/p>\n","protected":false},"author":30,"featured_media":284465,"comment_status":"closed","ping_status":"closed","sticky":false,"template":"","format":"standard","meta":{"footnotes":""},"categories":[456,16687,20724],"tags":[],"class_list":["post-284464","post","type-post","status-publish","format-standard","has-post-thumbnail","","category-arabe-internacional-politica","category-internacionales","category-minuto-a-minuto"],"_links":{"self":[{"href":"https:\/\/archive.sana.sy\/es\/index.php?rest_route=\/wp\/v2\/posts\/284464"}],"collection":[{"href":"https:\/\/archive.sana.sy\/es\/index.php?rest_route=\/wp\/v2\/posts"}],"about":[{"href":"https:\/\/archive.sana.sy\/es\/index.php?rest_route=\/wp\/v2\/types\/post"}],"author":[{"embeddable":true,"href":"https:\/\/archive.sana.sy\/es\/index.php?rest_route=\/wp\/v2\/users\/30"}],"replies":[{"embeddable":true,"href":"https:\/\/archive.sana.sy\/es\/index.php?rest_route=%2Fwp%2Fv2%2Fcomments&post=284464"}],"version-history":[{"count":0,"href":"https:\/\/archive.sana.sy\/es\/index.php?rest_route=\/wp\/v2\/posts\/284464\/revisions"}],"wp:featuredmedia":[{"embeddable":true,"href":"https:\/\/archive.sana.sy\/es\/index.php?rest_route=\/wp\/v2\/media\/284465"}],"wp:attachment":[{"href":"https:\/\/archive.sana.sy\/es\/index.php?rest_route=%2Fwp%2Fv2%2Fmedia&parent=284464"}],"wp:term":[{"taxonomy":"category","embeddable":true,"href":"https:\/\/archive.sana.sy\/es\/index.php?rest_route=%2Fwp%2Fv2%2Fcategories&post=284464"},{"taxonomy":"post_tag","embeddable":true,"href":"https:\/\/archive.sana.sy\/es\/index.php?rest_route=%2Fwp%2Fv2%2Ftags&post=284464"}],"curies":[{"name":"wp","href":"https:\/\/api.w.org\/{rel}","templated":true}]}}