{"id":284467,"date":"2023-01-27T12:23:06","date_gmt":"2023-01-27T10:23:06","guid":{"rendered":"http:\/\/107.6.182.27\/es\/?p=284467"},"modified":"2023-01-27T12:23:06","modified_gmt":"2023-01-27T10:23:06","slug":"putin-decreta-reconocimiento-mutuo-de-visas-con-bielorrusia","status":"publish","type":"post","link":"https:\/\/archive.sana.sy\/es\/?p=284467","title":{"rendered":"Putin decreta reconocimiento mutuo de visas con Bielorrusia"},"content":{"rendered":"<p style=\"text-align: justify;\"><span style=\"color: #800000;\"><strong>Mosc\u00fa, 27 ene (SANA)<\/strong><\/span> El presidente ruso, Vladimir Putin, firm\u00f3 una ley que ratifica un acuerdo intergubernamental con Bielorrusia sobre el reconocimiento mutuo de visas, se public\u00f3 en el sitio web del Kremlin.<\/p>\n<p style=\"text-align: justify;\">El acuerdo firmado el 19 de junio de 2020 en Minsk regula las operaciones migratorias en el territorio de Rusia, y en virtud del cual los extranjeros y ap\u00e1tridas reciben el derecho a entrar, salir, permanecer y transitar por el territorio de Bielorrusia y Rusia, sobre la base de una visa de uno de los dos pa\u00edses.<\/p>\n<p style=\"text-align: justify;\">El acuerdo especifica las condiciones de dichas visitas y el sistema de trabajo de las instituciones pertinentes en los dos pa\u00edses, incluido el intercambio de informaci\u00f3n, y permanece en vigor hasta que una de las partes notifique a la otra parte por escrito a trav\u00e9s de canales diplom\u00e1ticos su intenci\u00f3n de detener su trabajo.<\/p>\n<p style=\"text-align: justify;\"><em><strong>ah\/fm<\/strong><\/em><\/p>\n","protected":false},"excerpt":{"rendered":"<p>Mosc\u00fa, 27 ene (SANA) El presidente ruso, Vladimir Putin, firm\u00f3 una ley que ratifica un acuerdo intergubernamental con Bielorrusia sobre el reconocimiento mutuo de visas, se public\u00f3 en el sitio web del Kremlin. El acuerdo firmado el 19 de junio de 2020 en Minsk regula las operaciones migratorias en el territorio de Rusia, y en &hellip;<\/p>\n","protected":false},"author":30,"featured_media":284468,"comment_status":"closed","ping_status":"closed","sticky":false,"template":"","format":"standard","meta":{"footnotes":""},"categories":[456,16687,20724],"tags":[],"class_list":["post-284467","post","type-post","status-publish","format-standard","has-post-thumbnail","","category-arabe-internacional-politica","category-internacionales","category-minuto-a-minuto"],"_links":{"self":[{"href":"https:\/\/archive.sana.sy\/es\/index.php?rest_route=\/wp\/v2\/posts\/284467"}],"collection":[{"href":"https:\/\/archive.sana.sy\/es\/index.php?rest_route=\/wp\/v2\/posts"}],"about":[{"href":"https:\/\/archive.sana.sy\/es\/index.php?rest_route=\/wp\/v2\/types\/post"}],"author":[{"embeddable":true,"href":"https:\/\/archive.sana.sy\/es\/index.php?rest_route=\/wp\/v2\/users\/30"}],"replies":[{"embeddable":true,"href":"https:\/\/archive.sana.sy\/es\/index.php?rest_route=%2Fwp%2Fv2%2Fcomments&post=284467"}],"version-history":[{"count":0,"href":"https:\/\/archive.sana.sy\/es\/index.php?rest_route=\/wp\/v2\/posts\/284467\/revisions"}],"wp:featuredmedia":[{"embeddable":true,"href":"https:\/\/archive.sana.sy\/es\/index.php?rest_route=\/wp\/v2\/media\/284468"}],"wp:attachment":[{"href":"https:\/\/archive.sana.sy\/es\/index.php?rest_route=%2Fwp%2Fv2%2Fmedia&parent=284467"}],"wp:term":[{"taxonomy":"category","embeddable":true,"href":"https:\/\/archive.sana.sy\/es\/index.php?rest_route=%2Fwp%2Fv2%2Fcategories&post=284467"},{"taxonomy":"post_tag","embeddable":true,"href":"https:\/\/archive.sana.sy\/es\/index.php?rest_route=%2Fwp%2Fv2%2Ftags&post=284467"}],"curies":[{"name":"wp","href":"https:\/\/api.w.org\/{rel}","templated":true}]}}