{"id":284485,"date":"2023-01-27T15:10:10","date_gmt":"2023-01-27T13:10:10","guid":{"rendered":"http:\/\/107.6.182.27\/es\/?p=284485"},"modified":"2023-01-27T15:20:55","modified_gmt":"2023-01-27T13:20:55","slug":"cazas-israelies-lanzan-una-serie-de-incursiones-contra-la-franja-de-gaza","status":"publish","type":"post","link":"https:\/\/archive.sana.sy\/es\/?p=284485","title":{"rendered":"Cazas israel\u00edes lanzan una serie de incursiones contra la Franja de Gaza"},"content":{"rendered":"<p style=\"text-align: justify;\"><span style=\"color: #800000;\"><strong>Jerusal\u00e9n ocupada, 27 ene (SANA)<\/strong><\/span> Los aviones de combate del ocupante israel\u00ed lanzaron una serie de incursiones en la Franja de Gaza.<\/p>\n<p style=\"text-align: justify;\">La agencia de noticias palestina Wafa difundi\u00f3 que los cazas del ocupante dispararon m\u00e1s de 15 misiles contra el sur de la ciudad de Gaza y el campo de refugiados de Al-Maghazi en el centro de la Franja.<\/p>\n<p style=\"text-align: justify;\">Los ataques provocaron graves da\u00f1os en la infraestructura y en las viviendas y propiedades palestinas, adem\u00e1s de causar cortes de energ\u00eda.<\/p>\n<p style=\"text-align: justify;\">En respuesta a los cr\u00edmenes y masacres del ocupante, la resistencia palestina atac\u00f3 las colonias israel\u00edes en las afueras de la Franja de Gaza con varios misiles, obligando a los colonos a acudir a los refugios.<\/p>\n<p style=\"text-align: justify;\">La v\u00edspera, diez palestinos fueron asesinados en Cisjordania, nueve de los cuales durante la incursi\u00f3n de las fuerzas de ocupaci\u00f3n en la ciudad de Jenin y su campamento.<\/p>\n<p style=\"text-align: justify;\">fm\/sm<\/p>\n","protected":false},"excerpt":{"rendered":"<p>Jerusal\u00e9n ocupada, 27 ene (SANA) Los aviones de combate del ocupante israel\u00ed lanzaron una serie de incursiones en la Franja de Gaza. La agencia de noticias palestina Wafa difundi\u00f3 que los cazas del ocupante dispararon m\u00e1s de 15 misiles contra el sur de la ciudad de Gaza y el campo de refugiados de Al-Maghazi en &hellip;<\/p>\n","protected":false},"author":39,"featured_media":284486,"comment_status":"closed","ping_status":"closed","sticky":false,"template":"","format":"standard","meta":{"footnotes":""},"categories":[597,456,16687,583],"tags":[],"class_list":["post-284485","post","type-post","status-publish","format-standard","has-post-thumbnail","","category-cinta-de-noticias","category-arabe-internacional-politica","category-internacionales","category-slide"],"_links":{"self":[{"href":"https:\/\/archive.sana.sy\/es\/index.php?rest_route=\/wp\/v2\/posts\/284485"}],"collection":[{"href":"https:\/\/archive.sana.sy\/es\/index.php?rest_route=\/wp\/v2\/posts"}],"about":[{"href":"https:\/\/archive.sana.sy\/es\/index.php?rest_route=\/wp\/v2\/types\/post"}],"author":[{"embeddable":true,"href":"https:\/\/archive.sana.sy\/es\/index.php?rest_route=\/wp\/v2\/users\/39"}],"replies":[{"embeddable":true,"href":"https:\/\/archive.sana.sy\/es\/index.php?rest_route=%2Fwp%2Fv2%2Fcomments&post=284485"}],"version-history":[{"count":0,"href":"https:\/\/archive.sana.sy\/es\/index.php?rest_route=\/wp\/v2\/posts\/284485\/revisions"}],"wp:featuredmedia":[{"embeddable":true,"href":"https:\/\/archive.sana.sy\/es\/index.php?rest_route=\/wp\/v2\/media\/284486"}],"wp:attachment":[{"href":"https:\/\/archive.sana.sy\/es\/index.php?rest_route=%2Fwp%2Fv2%2Fmedia&parent=284485"}],"wp:term":[{"taxonomy":"category","embeddable":true,"href":"https:\/\/archive.sana.sy\/es\/index.php?rest_route=%2Fwp%2Fv2%2Fcategories&post=284485"},{"taxonomy":"post_tag","embeddable":true,"href":"https:\/\/archive.sana.sy\/es\/index.php?rest_route=%2Fwp%2Fv2%2Ftags&post=284485"}],"curies":[{"name":"wp","href":"https:\/\/api.w.org\/{rel}","templated":true}]}}