{"id":284545,"date":"2023-01-27T19:23:21","date_gmt":"2023-01-27T17:23:21","guid":{"rendered":"http:\/\/107.6.182.27\/es\/?p=284545"},"modified":"2023-01-27T19:23:21","modified_gmt":"2023-01-27T17:23:21","slug":"preparan-un-documento-sobre-bloqueo-a-siria-que-condena-la-administracion-estadounidense","status":"publish","type":"post","link":"https:\/\/archive.sana.sy\/es\/?p=284545","title":{"rendered":"Preparan un documento sobre bloqueo a Siria que condena\u00a0 la administraci\u00f3n estadounidense"},"content":{"rendered":"<p style=\"text-align: justify;\"><span style=\"color: #800000;\"><strong>Beirut, 27 ene (SANA)\u00a0 <\/strong><\/span>El Comit\u00e9 Preparatorio de la Campa\u00f1a Popular \u00c1rabe e Internacional para Levantar el Asedio a Siria anunci\u00f3 que preparar\u00e1 un estudio cient\u00edfico completo y exhaustivo sobre los impactos del bloqueo occidental contra Siria, que ser\u00e1 un documento que condene a la administraci\u00f3n estadounidense por cr\u00edmenes de guerra y de lesa humanidad.<\/p>\n<p style=\"text-align: justify;\">Durante una reuni\u00f3n efectuada hoy, v\u00eda online, el comit\u00e9 pidi\u00f3 a la Uni\u00f3n de Abogados \u00c1rabes, la Uni\u00f3n de Juristas \u00c1rabes y todas las organizaciones de derechos humanos estudien la posibilidad de enjuiciar a la administraci\u00f3n estadounidense por genocidio y cr\u00edmenes de guerra contra la humanidad ante el poder judicial internacional.<\/p>\n<p style=\"text-align: justify;\">Asimismo, el organismo decidi\u00f3 preparar un mensaje para muchos \u00f3rganos parlamentarios, populares, sindicales y partidistas, que incluye presentar las secuelas peligrosas del bloqueo impuesto a Siria en todos los aspectos econ\u00f3micos, sociales, de salud, educativos y culturales, y comunicarse con organizaciones de medios amigas para participar en esta campa\u00f1a en la forma conveniente.<\/p>\n<p style=\"text-align: justify;\">Adem\u00e1s, durante la reuni\u00f3n se instruy\u00f3 a los miembros del comit\u00e9 a formar comit\u00e9s para el levantamiento del bloqueo a los pa\u00edses \u00e1rabes, comenzando por las personalidades que tomaron la iniciativa de responder a esta campa\u00f1a, as\u00ed como los partidos, sindicatos y organizaciones populares que deseen participar en esta Campa\u00f1a.<\/p>\n<p style=\"text-align: justify;\">Los participantes en el encuentro acordaron participar en la sesi\u00f3n dedicada a la situaci\u00f3n en Siria, que realizar\u00e1 el Consejo de Derechos Humanos en Ginebra el 21 de febrero, a trav\u00e9s de una intervenci\u00f3n conjunta entre la Campa\u00f1a y el Consejo Internacional para el Apoyo a los Juicios Justos y Derechos Humanos.<\/p>\n<p style=\"text-align: justify;\">Por su parte, el coordinador de la campa\u00f1a, el exsecretario general del Congreso Nacional \u00c1rabe, Majdi Al-Maasrawi, anunci\u00f3 que el n\u00famero de quienes respondieron a la acci\u00f3n popular para levantar el cerco a Siria alcanz\u00f3 los 210 participantes durante el mes, y pertenecen a todos los pa\u00edses \u00e1rabes y a los seis continentes del mundo, y los mensajes de solidaridad a\u00fan contin\u00faan.<\/p>\n<p style=\"text-align: justify;\">fm\/sm\/mm<\/p>\n","protected":false},"excerpt":{"rendered":"<p>Beirut, 27 ene (SANA)\u00a0 El Comit\u00e9 Preparatorio de la Campa\u00f1a Popular \u00c1rabe e Internacional para Levantar el Asedio a Siria anunci\u00f3 que preparar\u00e1 un estudio cient\u00edfico completo y exhaustivo sobre los impactos del bloqueo occidental contra Siria, que ser\u00e1 un documento que condene a la administraci\u00f3n estadounidense por cr\u00edmenes de guerra y de lesa humanidad. &hellip;<\/p>\n","protected":false},"author":39,"featured_media":284546,"comment_status":"closed","ping_status":"closed","sticky":false,"template":"","format":"standard","meta":{"footnotes":""},"categories":[597,20724,467,7541],"tags":[],"class_list":["post-284545","post","type-post","status-publish","format-standard","has-post-thumbnail","","category-cinta-de-noticias","category-minuto-a-minuto","category-siria-y-el-mundo","category-ultimas-noticias"],"_links":{"self":[{"href":"https:\/\/archive.sana.sy\/es\/index.php?rest_route=\/wp\/v2\/posts\/284545"}],"collection":[{"href":"https:\/\/archive.sana.sy\/es\/index.php?rest_route=\/wp\/v2\/posts"}],"about":[{"href":"https:\/\/archive.sana.sy\/es\/index.php?rest_route=\/wp\/v2\/types\/post"}],"author":[{"embeddable":true,"href":"https:\/\/archive.sana.sy\/es\/index.php?rest_route=\/wp\/v2\/users\/39"}],"replies":[{"embeddable":true,"href":"https:\/\/archive.sana.sy\/es\/index.php?rest_route=%2Fwp%2Fv2%2Fcomments&post=284545"}],"version-history":[{"count":0,"href":"https:\/\/archive.sana.sy\/es\/index.php?rest_route=\/wp\/v2\/posts\/284545\/revisions"}],"wp:featuredmedia":[{"embeddable":true,"href":"https:\/\/archive.sana.sy\/es\/index.php?rest_route=\/wp\/v2\/media\/284546"}],"wp:attachment":[{"href":"https:\/\/archive.sana.sy\/es\/index.php?rest_route=%2Fwp%2Fv2%2Fmedia&parent=284545"}],"wp:term":[{"taxonomy":"category","embeddable":true,"href":"https:\/\/archive.sana.sy\/es\/index.php?rest_route=%2Fwp%2Fv2%2Fcategories&post=284545"},{"taxonomy":"post_tag","embeddable":true,"href":"https:\/\/archive.sana.sy\/es\/index.php?rest_route=%2Fwp%2Fv2%2Ftags&post=284545"}],"curies":[{"name":"wp","href":"https:\/\/api.w.org\/{rel}","templated":true}]}}