{"id":284549,"date":"2023-01-27T19:29:34","date_gmt":"2023-01-27T17:29:34","guid":{"rendered":"http:\/\/107.6.182.27\/es\/?p=284549"},"modified":"2023-01-27T19:29:34","modified_gmt":"2023-01-27T17:29:34","slug":"rusia-da-dos-semanas-al-embajador-leton-para-abandonar-el-pais","status":"publish","type":"post","link":"https:\/\/archive.sana.sy\/es\/?p=284549","title":{"rendered":"Rusia da dos semanas al embajador let\u00f3n para abandonar el pa\u00eds"},"content":{"rendered":"<p style=\"text-align: justify;\"><span style=\"color: #800000;\"><strong>Mosc\u00fa, 27 ene (SANA)<\/strong> <\/span>El ministerio de Exteriores de Rusia cit\u00f3 hoy a la encargada temporal de negocios de Letonia, Dace Rutka, tras la decisi\u00f3n de Riga de reducir el nivel de relaciones ruso-letonas, y dio dos semanas al embajador let\u00f3n, M\u0101ris Rieksti\u0146\u0161, para abandonar el pa\u00eds.<\/p>\n<p style=\"text-align: justify;\">&#8220;El 27 de enero la encargada temporal de negocios de Letonia, Dace Rutka, fue citada al Ministerio de Exteriores de Rusia tras la decisi\u00f3n del Gobierno de Letonia de reducir el nivel de las relaciones diplom\u00e1ticas ruso-letonas&#8221;, indic\u00f3 Exteriores en un comunicado que fue citado por TASS.<\/p>\n<p style=\"text-align: justify;\">La diplomacia rusa a\u00f1adi\u00f3 que el embajador let\u00f3n, M\u0101ris Rieksti\u0146\u0161, deber\u00e1 &#8220;abandonar Rusia en el transcurso de dos semanas&#8221;.<\/p>\n<p style=\"text-align: justify;\">El pasado lunes, Letonia tom\u00f3 la decisi\u00f3n reducir el nivel de las relaciones diplom\u00e1ticas con Rusia a partir del pr\u00f3ximo 24 de febrero.<\/p>\n<p><em>mm<\/em><\/p>\n","protected":false},"excerpt":{"rendered":"<p>Mosc\u00fa, 27 ene (SANA) El ministerio de Exteriores de Rusia cit\u00f3 hoy a la encargada temporal de negocios de Letonia, Dace Rutka, tras la decisi\u00f3n de Riga de reducir el nivel de relaciones ruso-letonas, y dio dos semanas al embajador let\u00f3n, M\u0101ris Rieksti\u0146\u0161, para abandonar el pa\u00eds. &#8220;El 27 de enero la encargada temporal de &hellip;<\/p>\n","protected":false},"author":36,"featured_media":284550,"comment_status":"closed","ping_status":"closed","sticky":false,"template":"","format":"standard","meta":{"footnotes":""},"categories":[597,456,16687,20724,457],"tags":[],"class_list":["post-284549","post","type-post","status-publish","format-standard","has-post-thumbnail","","category-cinta-de-noticias","category-arabe-internacional-politica","category-internacionales","category-minuto-a-minuto","category-noticias-arabe-internacional-politica"],"_links":{"self":[{"href":"https:\/\/archive.sana.sy\/es\/index.php?rest_route=\/wp\/v2\/posts\/284549"}],"collection":[{"href":"https:\/\/archive.sana.sy\/es\/index.php?rest_route=\/wp\/v2\/posts"}],"about":[{"href":"https:\/\/archive.sana.sy\/es\/index.php?rest_route=\/wp\/v2\/types\/post"}],"author":[{"embeddable":true,"href":"https:\/\/archive.sana.sy\/es\/index.php?rest_route=\/wp\/v2\/users\/36"}],"replies":[{"embeddable":true,"href":"https:\/\/archive.sana.sy\/es\/index.php?rest_route=%2Fwp%2Fv2%2Fcomments&post=284549"}],"version-history":[{"count":0,"href":"https:\/\/archive.sana.sy\/es\/index.php?rest_route=\/wp\/v2\/posts\/284549\/revisions"}],"wp:featuredmedia":[{"embeddable":true,"href":"https:\/\/archive.sana.sy\/es\/index.php?rest_route=\/wp\/v2\/media\/284550"}],"wp:attachment":[{"href":"https:\/\/archive.sana.sy\/es\/index.php?rest_route=%2Fwp%2Fv2%2Fmedia&parent=284549"}],"wp:term":[{"taxonomy":"category","embeddable":true,"href":"https:\/\/archive.sana.sy\/es\/index.php?rest_route=%2Fwp%2Fv2%2Fcategories&post=284549"},{"taxonomy":"post_tag","embeddable":true,"href":"https:\/\/archive.sana.sy\/es\/index.php?rest_route=%2Fwp%2Fv2%2Ftags&post=284549"}],"curies":[{"name":"wp","href":"https:\/\/api.w.org\/{rel}","templated":true}]}}