{"id":284552,"date":"2023-01-27T20:26:38","date_gmt":"2023-01-27T18:26:38","guid":{"rendered":"http:\/\/107.6.182.27\/es\/?p=284552"},"modified":"2023-01-27T20:26:38","modified_gmt":"2023-01-27T18:26:38","slug":"los-colonos-israelies-atacan-propiedades-palestinas-en-cisjordania","status":"publish","type":"post","link":"https:\/\/archive.sana.sy\/es\/?p=284552","title":{"rendered":"Los colonos israel\u00edes atacan propiedades palestinas en Cisjordania"},"content":{"rendered":"<p style=\"text-align: justify;\"><span style=\"color: #800000;\"><strong>Jerusal\u00e9n ocupada, 27 ene (SANA)<\/strong> <\/span>Un grupo de colonos israel\u00edes llev\u00f3 a cabo ataques vand\u00e1licos contra propiedades palestinas en la ciudad de Hebr\u00f3n, en la Cisjordania ocupada, inform\u00f3 la agencia palestina WAFA.<\/p>\n<p style=\"text-align: justify;\">La fuente detall\u00f3 que un grupo de colonos, bajo la protecci\u00f3n de soldados israel\u00edes, asaltaron la localidad de Masafer Yatta, al sur de Hebr\u00f3n, y atacaron viviendas palestinas, causando da\u00f1os materiales.<\/p>\n<p style=\"text-align: justify;\">Se informa que varios palestinos resultaron heridos hoy como resultado de las de las fuerzas de ocupaci\u00f3n llevados a cabo al sureste de Bel\u00e9n, en Cisjordania.<\/p>\n<p><em>mm<\/em><\/p>\n","protected":false},"excerpt":{"rendered":"<p>Jerusal\u00e9n ocupada, 27 ene (SANA) Un grupo de colonos israel\u00edes llev\u00f3 a cabo ataques vand\u00e1licos contra propiedades palestinas en la ciudad de Hebr\u00f3n, en la Cisjordania ocupada, inform\u00f3 la agencia palestina WAFA. La fuente detall\u00f3 que un grupo de colonos, bajo la protecci\u00f3n de soldados israel\u00edes, asaltaron la localidad de Masafer Yatta, al sur de &hellip;<\/p>\n","protected":false},"author":36,"featured_media":284553,"comment_status":"closed","ping_status":"closed","sticky":false,"template":"","format":"standard","meta":{"footnotes":""},"categories":[597,456,16687,20724,457],"tags":[],"class_list":["post-284552","post","type-post","status-publish","format-standard","has-post-thumbnail","","category-cinta-de-noticias","category-arabe-internacional-politica","category-internacionales","category-minuto-a-minuto","category-noticias-arabe-internacional-politica"],"_links":{"self":[{"href":"https:\/\/archive.sana.sy\/es\/index.php?rest_route=\/wp\/v2\/posts\/284552"}],"collection":[{"href":"https:\/\/archive.sana.sy\/es\/index.php?rest_route=\/wp\/v2\/posts"}],"about":[{"href":"https:\/\/archive.sana.sy\/es\/index.php?rest_route=\/wp\/v2\/types\/post"}],"author":[{"embeddable":true,"href":"https:\/\/archive.sana.sy\/es\/index.php?rest_route=\/wp\/v2\/users\/36"}],"replies":[{"embeddable":true,"href":"https:\/\/archive.sana.sy\/es\/index.php?rest_route=%2Fwp%2Fv2%2Fcomments&post=284552"}],"version-history":[{"count":0,"href":"https:\/\/archive.sana.sy\/es\/index.php?rest_route=\/wp\/v2\/posts\/284552\/revisions"}],"wp:featuredmedia":[{"embeddable":true,"href":"https:\/\/archive.sana.sy\/es\/index.php?rest_route=\/wp\/v2\/media\/284553"}],"wp:attachment":[{"href":"https:\/\/archive.sana.sy\/es\/index.php?rest_route=%2Fwp%2Fv2%2Fmedia&parent=284552"}],"wp:term":[{"taxonomy":"category","embeddable":true,"href":"https:\/\/archive.sana.sy\/es\/index.php?rest_route=%2Fwp%2Fv2%2Fcategories&post=284552"},{"taxonomy":"post_tag","embeddable":true,"href":"https:\/\/archive.sana.sy\/es\/index.php?rest_route=%2Fwp%2Fv2%2Ftags&post=284552"}],"curies":[{"name":"wp","href":"https:\/\/api.w.org\/{rel}","templated":true}]}}