{"id":284582,"date":"2023-01-28T12:22:10","date_gmt":"2023-01-28T10:22:10","guid":{"rendered":"http:\/\/107.6.182.27\/es\/?p=284582"},"modified":"2023-01-28T12:22:10","modified_gmt":"2023-01-28T10:22:10","slug":"marcha-de-antorchas-y-actos-de-homenaje-por-el-170-aniversario-del-natalicio-de-jose-marti","status":"publish","type":"post","link":"https:\/\/archive.sana.sy\/es\/?p=284582","title":{"rendered":"Marcha de antorchas y actos de homenaje por el 170 aniversario del natalicio de Jos\u00e9 Mart\u00ed"},"content":{"rendered":"<blockquote>\n<p style=\"text-align: justify;\"><span style=\"color: #800000;\"><em><strong>Entre las actividades de homenaje en esta capital resalta la tradicional Marcha de las Antorchas, una peregrinaci\u00f3n de miles de estudiantes cubanos y el pueblo en general, celebrada la v\u00edspera y a la que asisti\u00f3 el l\u00edder de la Revoluci\u00f3n Ra\u00fal Castro y el presidente de Cuba, Miguel D\u00edaz-Canel.<\/strong><\/em><\/span><\/p>\n<\/blockquote>\n<p style=\"text-align: justify;\"><strong>La Habana, 28 ene (SANA)<\/strong> El pueblo de Cuba conmemor\u00f3 hoy el aniversario 170 del natalicio del H\u00e9roe Nacional cubano Jos\u00e9 Mart\u00ed (1853-1895).<\/p>\n<p style=\"text-align: justify;\">Instituciones culturales, centros de trabajo, escuelas, organizaciones juveniles en todo el pa\u00eds rinden tributo a Mart\u00ed, a trav\u00e9s de iniciativas para fomentar y difundir su legado.<\/p>\n<p style=\"text-align: justify;\">Entre las actividades de homenaje en esta capital resalta la tradicional Marcha de las Antorchas, una peregrinaci\u00f3n de miles de estudiantes cubanos y el pueblo en general, celebrada la v\u00edspera y a la que asisti\u00f3 el l\u00edder de la Revoluci\u00f3n Ra\u00fal Castro y el presidente de Cuba, Miguel D\u00edaz-Canel.<\/p>\n<p style=\"text-align: justify;\">Seg\u00fan reportes de la agencia Prensa Latina, la caminata se realiz\u00f3 desde la escalinata de la Universidad de La Habana hasta la Fragua Martiana, lugar donde Mart\u00ed pas\u00f3 varios meses tras ser condenado a trabajos forzados por el r\u00e9gimen colonial espa\u00f1ol, en 1870.<\/p>\n<p style=\"text-align: justify;\">Tambi\u00e9n se celebra en el capitalino Palacio de las Convenciones la V Conferencia Internacional Por el Equilibrio del Mundo, c\u00f3nclave que acoge varios foros de debate, donde se evidencia la magnitud de la obra del Ap\u00f3stol y sus inquietudes por el futuro de la humanidad desde las diversas \u00e1reas del conocimiento.<\/p>\n<p style=\"text-align: justify;\">Jos\u00e9 Mart\u00ed fue un insigne patriota y destacado pol\u00edtico, escritor, pensador, docente y periodista, ca\u00eddo en combate contra las tropas colonialistas espa\u00f1olas el 19 de mayo de 1895.<\/p>\n<p style=\"text-align: justify;\">fm\/sm<\/p>\n","protected":false},"excerpt":{"rendered":"<p>Entre las actividades de homenaje en esta capital resalta la tradicional Marcha de las Antorchas, una peregrinaci\u00f3n de miles de estudiantes cubanos y el pueblo en general, celebrada la v\u00edspera y a la que asisti\u00f3 el l\u00edder de la Revoluci\u00f3n Ra\u00fal Castro y el presidente de Cuba, Miguel D\u00edaz-Canel. La Habana, 28 ene (SANA) El &hellip;<\/p>\n","protected":false},"author":39,"featured_media":284583,"comment_status":"closed","ping_status":"closed","sticky":false,"template":"","format":"standard","meta":{"footnotes":""},"categories":[597,510,456,16687,20724,7541],"tags":[],"class_list":["post-284582","post","type-post","status-publish","format-standard","has-post-thumbnail","","category-cinta-de-noticias","category-arte-y-cultura","category-arabe-internacional-politica","category-internacionales","category-minuto-a-minuto","category-ultimas-noticias"],"_links":{"self":[{"href":"https:\/\/archive.sana.sy\/es\/index.php?rest_route=\/wp\/v2\/posts\/284582"}],"collection":[{"href":"https:\/\/archive.sana.sy\/es\/index.php?rest_route=\/wp\/v2\/posts"}],"about":[{"href":"https:\/\/archive.sana.sy\/es\/index.php?rest_route=\/wp\/v2\/types\/post"}],"author":[{"embeddable":true,"href":"https:\/\/archive.sana.sy\/es\/index.php?rest_route=\/wp\/v2\/users\/39"}],"replies":[{"embeddable":true,"href":"https:\/\/archive.sana.sy\/es\/index.php?rest_route=%2Fwp%2Fv2%2Fcomments&post=284582"}],"version-history":[{"count":0,"href":"https:\/\/archive.sana.sy\/es\/index.php?rest_route=\/wp\/v2\/posts\/284582\/revisions"}],"wp:featuredmedia":[{"embeddable":true,"href":"https:\/\/archive.sana.sy\/es\/index.php?rest_route=\/wp\/v2\/media\/284583"}],"wp:attachment":[{"href":"https:\/\/archive.sana.sy\/es\/index.php?rest_route=%2Fwp%2Fv2%2Fmedia&parent=284582"}],"wp:term":[{"taxonomy":"category","embeddable":true,"href":"https:\/\/archive.sana.sy\/es\/index.php?rest_route=%2Fwp%2Fv2%2Fcategories&post=284582"},{"taxonomy":"post_tag","embeddable":true,"href":"https:\/\/archive.sana.sy\/es\/index.php?rest_route=%2Fwp%2Fv2%2Ftags&post=284582"}],"curies":[{"name":"wp","href":"https:\/\/api.w.org\/{rel}","templated":true}]}}